{"id":105078,"date":"2025-10-10T14:43:13","date_gmt":"2025-10-10T14:43:13","guid":{"rendered":"https:\/\/www.europesays.com\/pt\/105078\/"},"modified":"2025-10-10T14:43:13","modified_gmt":"2025-10-10T14:43:13","slug":"drake-perde-processo-judicial-contra-a-sua-propria-editora-e-kendrick-lamar-2","status":"publish","type":"post","link":"https:\/\/www.europesays.com\/pt\/105078\/","title":{"rendered":"Drake perde processo judicial contra a sua pr\u00f3pria editora e Kendrick Lamar"},"content":{"rendered":"<p>Um juiz federal rejeitou o processo movido por Drake contra a sua pr\u00f3pria editora, a Universal, e Kendrick Lamar, na sequ\u00eancia do lan\u00e7amento de \u2018Not Like Us\u2019.<\/p>\n<p>Esse tema, a partir do qual Kendrick Lamar foi comummente considerado <a href=\"https:\/\/expresso.pt\/blitz\/2024-02-11-kendrick-lamar-vs.-drake-a-historia-do-maior-beef-do-hip-hop-desde-tupac-shakur-e-notorious-b.i.g.-assassinados-nos-anos-90-63697df0\" target=\"_blank\" rel=\"noopener noreferrer nofollow\">o grande vencedor do beef que op\u00f4s os dois rappers<\/a>, em 2024, levou Drake a agir judicialmente por considerar ter sido difamado pelo norte-americano. Na can\u00e7\u00e3o, Kendrick chama \u201cped\u00f3filo\u201d a Drake.<\/p>\n<p>A Universal passou, tamb\u00e9m, a estar na mira de Drake, por este considerar que a editora &#8211; que representa ambos &#8211; \u201cinflacionou artificialmente\u201d os n\u00fameros de \u2018Not Like Us\u2019.<\/p>\n<p>Para a ju\u00edza Jeannette Vargas, citada pelo \u201cConsequence of Sound\u201d, uma \u201cguerra de palavras\u201d tida durante \u201cuma batalha rap acalorada\u201d n\u00e3o viola a lei. <\/p>\n<p>\u201cMesmo declara\u00e7\u00f5es que possam ser ofensivas ou insultuosas n\u00e3o s\u00e3o difamat\u00f3rias, quando um ouvinte possa entend\u00ea-las como opini\u00e3o, par\u00f3dia, ou express\u00e3o art\u00edstica, e n\u00e3o como facto\u201d, acrescentou.<\/p>\n<p>Os advogados de Drake j\u00e1 anunciaram que ir\u00e3o recorrer da decis\u00e3o.<\/p>\n","protected":false},"excerpt":{"rendered":"Um juiz federal rejeitou o processo movido por Drake contra a sua pr\u00f3pria editora, a Universal, e Kendrick&hellip;\n","protected":false},"author":2,"featured_media":105079,"comment_status":"","ping_status":"","sticky":false,"template":"","format":"standard","meta":{"footnotes":""},"categories":[141],"tags":[114,115,149,150,32,33],"class_list":{"0":"post-105078","1":"post","2":"type-post","3":"status-publish","4":"format-standard","5":"has-post-thumbnail","7":"category-musica","8":"tag-entertainment","9":"tag-entretenimento","10":"tag-music","11":"tag-musica","12":"tag-portugal","13":"tag-pt"},"share_on_mastodon":{"url":"","error":""},"_links":{"self":[{"href":"https:\/\/www.europesays.com\/pt\/wp-json\/wp\/v2\/posts\/105078","targetHints":{"allow":["GET"]}}],"collection":[{"href":"https:\/\/www.europesays.com\/pt\/wp-json\/wp\/v2\/posts"}],"about":[{"href":"https:\/\/www.europesays.com\/pt\/wp-json\/wp\/v2\/types\/post"}],"author":[{"embeddable":true,"href":"https:\/\/www.europesays.com\/pt\/wp-json\/wp\/v2\/users\/2"}],"replies":[{"embeddable":true,"href":"https:\/\/www.europesays.com\/pt\/wp-json\/wp\/v2\/comments?post=105078"}],"version-history":[{"count":0,"href":"https:\/\/www.europesays.com\/pt\/wp-json\/wp\/v2\/posts\/105078\/revisions"}],"wp:featuredmedia":[{"embeddable":true,"href":"https:\/\/www.europesays.com\/pt\/wp-json\/wp\/v2\/media\/105079"}],"wp:attachment":[{"href":"https:\/\/www.europesays.com\/pt\/wp-json\/wp\/v2\/media?parent=105078"}],"wp:term":[{"taxonomy":"category","embeddable":true,"href":"https:\/\/www.europesays.com\/pt\/wp-json\/wp\/v2\/categories?post=105078"},{"taxonomy":"post_tag","embeddable":true,"href":"https:\/\/www.europesays.com\/pt\/wp-json\/wp\/v2\/tags?post=105078"}],"curies":[{"name":"wp","href":"https:\/\/api.w.org\/{rel}","templated":true}]}}