{"id":105106,"date":"2025-10-10T15:02:15","date_gmt":"2025-10-10T15:02:15","guid":{"rendered":"https:\/\/www.europesays.com\/pt\/105106\/"},"modified":"2025-10-10T15:02:15","modified_gmt":"2025-10-10T15:02:15","slug":"galaxy-m17-5g-e-lancado-com-exynos-1330-e-camera-de-50-mp","status":"publish","type":"post","link":"https:\/\/www.europesays.com\/pt\/105106\/","title":{"rendered":"Galaxy M17 5G \u00e9 lan\u00e7ado com Exynos 1330 e c\u00e2mera de 50 MP"},"content":{"rendered":"<p>A <strong>Samsung <\/strong>anunciou, nesta sexta-feira (10), o mais novo integrante da s\u00e9rie M na \u00cdndia: o <strong>Galaxy M17 5G<\/strong>. O modelo, que chega como sucessor direto do <strong>M16 5G<\/strong>, <a class=\"tg-link-manual\" href=\"https:\/\/www.oficinadanet.com.br\/samsung\/60201-samsung-lanca-galaxy-m16-m06\" rel=\"nofollow noopener\" target=\"_blank\">lan\u00e7ado em fevereiro<\/a>, traz especifica\u00e7\u00f5es decentes para a categoria, incluindo uma tela <a class=\"lib tg-lib\" href=\"https:\/\/www.oficinadanet.com.br\/tecnologia\/48143-telas-amoled\" rel=\"nofollow noopener\" target=\"_blank\">AMOLED<\/a>, at\u00e9 8 GB de RAM e <strong>seis anos de atualiza\u00e7\u00f5es<\/strong>. No entanto, ele n\u00e3o \u00e9 totalmente in\u00e9dito, j\u00e1 que se trata de uma vers\u00e3o renomeada do <a class=\"tg-link-manual\" href=\"https:\/\/www.oficinadanet.com.br\/smartphones\/samsung-galaxy-a17-5g\" rel=\"nofollow noopener\" target=\"_blank\"><strong>Galaxy A17 5G<\/strong><\/a>.<\/p>\n<p>O que o Galaxy M17 5G oferece?<\/p>\n<p>O <strong>Galaxy M17 5G<\/strong> traz um painel <strong>Super AMOLED <\/strong>de <strong>6,7 polegadas<\/strong> com resolu\u00e7\u00e3o <strong>Full HD+<\/strong>, taxa de atualiza\u00e7\u00e3o de <strong>90 Hz, 1.100 nits de brilho m\u00e1ximo<\/strong> e vidro com prote\u00e7\u00e3o <strong>Gorilla Glass Victus<\/strong>.<\/p>\n<p>Por dentro, a <strong>Samsung <\/strong>inseriu o processador <strong>Exynos 1330<\/strong>, aliado a <strong>4 GB<\/strong>, <strong>6 GB<\/strong> ou <strong>8 GB de RAM<\/strong> e <strong>128 GB<\/strong> de armazenamento, expans\u00edvel via microSD de at\u00e9 2 TB.<\/p>\n<p>            &#13;<br \/>\n                    &#13;<br \/>\n                        &#13;<br \/>\n                        &#13;<br \/>\n                        &#13;<br \/>\n                        &#13;<br \/>\n                        <img decoding=\"async\" loading=\"lazy\" width=\"330\" height=\"220\" src=\"https:\/\/www.europesays.com\/pt\/wp-content\/uploads\/2025\/10\/galaxym175g-1.jpg\"  alt=\"Galaxy M17 5G\" title=\"Galaxy M17 5G\"\/>&#13;<br \/>\n                    Galaxy M17 5G&#13;<\/p>\n<p>O conjunto de c\u00e2meras \u00e9 formado por um sensor principal de <strong>50 MP<\/strong> <strong>com estabiliza\u00e7\u00e3o \u00f3ptica (OIS)<\/strong>, <strong>ultrawide de 5 MP<\/strong> e <strong>macro de 2 MP<\/strong>. A lente dedicada \u00e0 selfies entrega <strong>13 MP<\/strong>.<\/p>\n<p>A bateria \u00e9 de <strong>5.000 mAh<\/strong> com suporte a carregamento r\u00e1pido de <strong>25W<\/strong>. O aparelho tamb\u00e9m chega ao mercado com leitor de digitais na lateral, certifica\u00e7\u00e3o <strong>IP54<\/strong>, <strong>NFC <\/strong>e vem rodando a <strong>One UI 7.0 <\/strong>baseada no <strong>Android 15<\/strong>, com promessa de <strong>seis anos de atualiza\u00e7\u00f5es do Android <\/strong>e <strong>seis anos de pacotes de seguran\u00e7a<\/strong>.<\/p>\n<p>Pre\u00e7os e disponibilidade<\/p>\n<p>O <strong>Galaxy M17 5G<\/strong> estar\u00e1 dispon\u00edvel na \u00cdndia a partir de <strong>13 de outubro<\/strong>. Confira os pre\u00e7os oficiais:<\/p>\n<ul>\n<li><strong>4 GB + 128 GB:<\/strong> 12.499 r\u00fapias<strong> <\/strong>(R$ 757);<\/li>\n<li><strong>6 GB + 128 GB:<\/strong> 13.999 r\u00fapias (R$ 848);<\/li>\n<li><strong>8 GB + 128 GB: <\/strong>15.499 r\u00fapias (R$ 939).<\/li>\n<\/ul>\n<p>Ainda n\u00e3o h\u00e1 informa\u00e7\u00f5es sobre o lan\u00e7amento no Brasil, mas considerando que o aparelho \u00e9 uma vers\u00e3o renomeada do<strong> Galaxy A17 5G<\/strong>, <a class=\"tg-link-manual\" href=\"https:\/\/www.oficinadanet.com.br\/smartphones\/64247-samsung-lancamento-galaxy-a17-a07-brasil\" rel=\"nofollow noopener\" target=\"_blank\">que j\u00e1 est\u00e1 dispon\u00edvel em territ\u00f3rio nacional<\/a>, \u00e9 pouco prov\u00e1vel que a <strong>Samsung<\/strong> comercialize este modelo no pa\u00eds.<\/p>\n<p><a href=\"https:\/\/www.gizmochina.com\/2025\/10\/10\/samsung-galaxy-m17-debuts-with-50mp-ois-camera-amoled-display-for-just-rs-12499\/\" class=\"tg-link-manual\" rel=\"nofollow  noopener\" target=\"_blank\">Via<\/a><\/p>\n","protected":false},"excerpt":{"rendered":"A Samsung anunciou, nesta sexta-feira (10), o mais novo integrante da s\u00e9rie M na \u00cdndia: o Galaxy M17&hellip;\n","protected":false},"author":2,"featured_media":105107,"comment_status":"","ping_status":"","sticky":false,"template":"","format":"standard","meta":{"footnotes":""},"categories":[84],"tags":[109,107,108,24576,13,32,33,952,105,103,104,954,106,110],"class_list":{"0":"post-105106","1":"post","2":"type-post","3":"status-publish","4":"format-standard","5":"has-post-thumbnail","7":"category-ciencia-e-tecnologia","8":"tag-ciencia","9":"tag-ciencia-e-tecnologia","10":"tag-cienciaetecnologia","11":"tag-galaxy-m17-5g","12":"tag-noticias","13":"tag-portugal","14":"tag-pt","15":"tag-samsung","16":"tag-science","17":"tag-science-and-technology","18":"tag-scienceandtechnology","19":"tag-smartphones","20":"tag-technology","21":"tag-tecnologia"},"share_on_mastodon":{"url":"","error":""},"_links":{"self":[{"href":"https:\/\/www.europesays.com\/pt\/wp-json\/wp\/v2\/posts\/105106","targetHints":{"allow":["GET"]}}],"collection":[{"href":"https:\/\/www.europesays.com\/pt\/wp-json\/wp\/v2\/posts"}],"about":[{"href":"https:\/\/www.europesays.com\/pt\/wp-json\/wp\/v2\/types\/post"}],"author":[{"embeddable":true,"href":"https:\/\/www.europesays.com\/pt\/wp-json\/wp\/v2\/users\/2"}],"replies":[{"embeddable":true,"href":"https:\/\/www.europesays.com\/pt\/wp-json\/wp\/v2\/comments?post=105106"}],"version-history":[{"count":0,"href":"https:\/\/www.europesays.com\/pt\/wp-json\/wp\/v2\/posts\/105106\/revisions"}],"wp:featuredmedia":[{"embeddable":true,"href":"https:\/\/www.europesays.com\/pt\/wp-json\/wp\/v2\/media\/105107"}],"wp:attachment":[{"href":"https:\/\/www.europesays.com\/pt\/wp-json\/wp\/v2\/media?parent=105106"}],"wp:term":[{"taxonomy":"category","embeddable":true,"href":"https:\/\/www.europesays.com\/pt\/wp-json\/wp\/v2\/categories?post=105106"},{"taxonomy":"post_tag","embeddable":true,"href":"https:\/\/www.europesays.com\/pt\/wp-json\/wp\/v2\/tags?post=105106"}],"curies":[{"name":"wp","href":"https:\/\/api.w.org\/{rel}","templated":true}]}}