{"id":105110,"date":"2025-10-10T15:04:17","date_gmt":"2025-10-10T15:04:17","guid":{"rendered":"https:\/\/www.europesays.com\/pt\/105110\/"},"modified":"2025-10-10T15:04:17","modified_gmt":"2025-10-10T15:04:17","slug":"destrocos-de-misseis-russos-fizeram-cair-aviao-observador","status":"publish","type":"post","link":"https:\/\/www.europesays.com\/pt\/105110\/","title":{"rendered":"destro\u00e7os de m\u00edsseis russos fizeram cair avi\u00e3o \u2013 Observador"},"content":{"rendered":"<p>O Presidente da R\u00fassia, Vladimir Putin, explicou, esta quinta-feira, que a queda do voo 8243 da Azerbaijani Airlines no Cazaquist\u00e3o, em dezembro do ano passado, que matou 38 pessoas, foi provocada pelos detritos da explos\u00e3o de dois m\u00edsseis da defesa a\u00e9rea russa, que rebentaram junto \u00e0 aeronave sem a atingir.<\/p>\n<p>Num encontro com o Presidente do Azerbaij\u00e3o, Ilham Aliyev, Putin disse que o acidente tinha ocorrido devido a \u201cuma falha t\u00e9cnica\u201d no sistema russo ap\u00f3s um \u201c<strong>drone ucraniano<\/strong>\u201d ter sido avistado na zona, noticiou a <a href=\"https:\/\/ria.ru\/20251009\/putin-2047333773.html\" rel=\"nofollow noopener\" target=\"_blank\">RIA Novosti.<\/a><\/p>\n<p>Ainda segundo a sua explica\u00e7\u00e3o, \u201c<strong>os dois proj\u00e9teis lan\u00e7ados n\u00e3o atingiram diretamente a aeronave\u201d,<\/strong> mas explodiram a \u201ccerca de dez metros\u201d do aparelho. Assim, explicou, <a href=\"https:\/\/observador.pt\/especiais\/a-explosao-ouvida-por-passageiros-as-marcas-nos-destrocos-e-o-ataque-com-drones-as-pistas-que-apontam-para-a-russia\/\" rel=\"nofollow noopener\" target=\"_blank\">n\u00e3o foi a explos\u00e3o a causar a queda<\/a>, mas sim os <strong>\u201cdetritos\u201d da detona\u00e7\u00e3o<\/strong> dos m\u00edsseis, que se ter\u00e3o <strong>autodestru\u00eddo no ar.<\/strong><\/p>\n<p>\u201cFoi precisamente por isso que o piloto acreditou <strong>terem atingido um bando de p\u00e1ssaros<\/strong>\u201d, referiu ainda Putin.<\/p>\n<p><b>[<\/b><b>H\u00e1 um novo candidato a Bel\u00e9m. Soares fica em choque com o an\u00fancio do amigo que considera irm\u00e3o. Freitas elege Zenha como principal advers\u00e1rio<\/b>.<b>\u00a0<\/b><b>A\u00a0<a href=\"https:\/\/observador.pt\/programas\/a-eleio-mais-louca-de-sempre\/episodio-2-uma-traicao-inesperada\/\" rel=\"nofollow noopener\" target=\"_blank\">\u201cElei\u00e7\u00e3o Mais Louca de Sempre\u201d<\/a>\u00a0\u00e9 o novo Podcast Plus do Observador sobre as Presidenciais de 1986. Uma s\u00e9rie narrada pelo ator Gon\u00e7alo Waddington, com banda sonora original de Samuel \u00daria. Pode ouvir\u00a0<a href=\"https:\/\/observador.pt\/programas\/a-eleio-mais-louca-de-sempre\/episodio-2-uma-traicao-inesperada\/\" rel=\"nofollow noopener\" target=\"_blank\">aqui<\/a>, no<\/b><b>\u00a0Observador<\/b><b>, e tamb\u00e9m na\u00a0<\/b><a href=\"https:\/\/podcasts.apple.com\/pt\/podcast\/epis%C3%B3dio-2-uma-trai%C3%A7%C3%A3o-inesperada\/id1841273464?i=1000730472608\" rel=\"nofollow noopener\" target=\"_blank\"><b>Apple Podcasts<\/b><\/a><b>, no\u00a0<\/b><a href=\"https:\/\/open.spotify.com\/episode\/5l0pvWqUeYvacXEQiA4mXP?si=5add75ae255a42c1\" rel=\"nofollow noopener\" target=\"_blank\"><b>Spotify<\/b><\/a><b>\u00a0e no\u00a0<\/b><a href=\"https:\/\/music.youtube.com\/watch?v=BLnES6MoViY&amp;si=OzNSgj-0hTibGgN3\" rel=\"nofollow noopener\" target=\"_blank\"><b>Youtube Music<\/b><\/a><b>. E pode ouvir o primeiro epis\u00f3dio\u00a0<a href=\"https:\/\/observador.pt\/programas\/a-eleio-mais-louca-de-sempre\/estreia-a-eleicao-mais-louca-de-sempre-episodio-1-apostamos-no-cavalo-errado\/\" rel=\"nofollow noopener\" target=\"_blank\">aqui<\/a>.]<\/b><\/p>\n<p><a href=\"https:\/\/observador.pt\/programas\/a-eleio-mais-louca-de-sempre\/episodio-2-uma-traicao-inesperada\/\" rel=\"nofollow noopener\" target=\"_blank\"><\/p>\n<p>        <img src=\"https:\/\/www.europesays.com\/pt\/wp-content\/uploads\/2025\/10\/fundov1-a-eleicao-mais-louca-de-sempre.jpg\" alt=\"\" loading=\"lazy\" decoding=\"async\" class=\"alignnone\" onload=\"this.parentElement.classList.remove('spinner')\" onerror=\"this.parentElement.classList.remove('spinner')\" width=\"1440\" height=\"810\"\/>    <\/p>\n<p><\/a><\/p>\n<p>O <a href=\"https:\/\/observador.pt\/2024\/12\/25\/aviao-com-destino-a-russia-despenha-se-no-cazaquistao\/\" rel=\"nofollow noopener\" target=\"_blank\">Embraer 190AR da companhia azeri<\/a> tinha partido naquele dia do aeroporto de Baku com destino a Grozny, na regi\u00e3o russa da Chech\u00e9nia. Ap\u00f3s o incidente, que ocorreu 81 minutos depois de ter levantado voo, o avi\u00e3o desapareceu dos radares, tendo reaparecido desviado da sua rota nas proximidades de Aktau, do outro lado do Mar C\u00e1spio e j\u00e1 no Cazaquist\u00e3o. Foi perto dessa cidade onde a aeronave se viria a despenhar, <a href=\"https:\/\/observador.pt\/2024\/12\/30\/azerbaijao-diz-que-russia-prometeu-punir-responsaveis-por-queda-de-aviao\/\" rel=\"nofollow noopener\" target=\"_blank\">deixando, ainda assim, 28 sobreviventes<\/a>.<\/p>\n<p>De acordo com Vladimir Putin, o piloto tinha\u00a0uma <strong>proposta das autoridades russas para aterrar em Makhachkala<\/strong>, cidade da regi\u00e3o do Dagest\u00e3o, mas acabou por recus\u00e1-la.<\/p>\n<p>No encontro presencial com o l\u00edder do Azerbaij\u00e3o, Putin aproveitou para pedir, novamente, desculpas pelo incidente, algo que j\u00e1 tinha <a href=\"https:\/\/observador.pt\/2024\/12\/28\/putin-admite-que-queda-de-aviao-do-azerbaijao-ocorreu-quando-fogo-russo-estava-a-ser-disparado\/\" rel=\"nofollow noopener\" target=\"_blank\">feito no ano passado<\/a>. O Presidente da R\u00fassia, na reuni\u00e3o,\u00a0prometeu ainda que iria dar todo o apoio \u00e0 <a href=\"https:\/\/observador.pt\/2024\/12\/30\/azerbaijao-diz-que-russia-prometeu-punir-responsaveis-por-queda-de-aviao\/\" rel=\"nofollow noopener\" target=\"_blank\">investiga\u00e7\u00e3o sobre a queda<\/a>, <strong>admitindo at\u00e9 indemnizar as fam\u00edlias das v\u00edtimas<\/strong>.<\/p>\n<p>\u201cTudo o que for necess\u00e1rio em casos t\u00e3o tr\u00e1gicos ser\u00e1 feito pelo <strong>lado russo em termos de compensa\u00e7\u00e3o<\/strong>\u201d, sublinhou, embora diga que ainda v\u00e1 demorar at\u00e9 isso acontecer.<\/p>\n","protected":false},"excerpt":{"rendered":"O Presidente da R\u00fassia, Vladimir Putin, explicou, esta quinta-feira, que a queda do voo 8243 da Azerbaijani Airlines&hellip;\n","protected":false},"author":2,"featured_media":105111,"comment_status":"","ping_status":"","sticky":false,"template":"","format":"standard","meta":{"footnotes":""},"categories":[50],"tags":[27,28,445,15,16,1123,14,25,26,21,22,62,12,13,19,20,23,24,3879,17,18,1124,29,30,31,63,64,65],"class_list":{"0":"post-105110","1":"post","2":"type-post","3":"status-publish","4":"format-standard","5":"has-post-thumbnail","7":"category-mundo","8":"tag-breaking-news","9":"tag-breakingnews","10":"tag-europa","11":"tag-featured-news","12":"tag-featurednews","13":"tag-guerra-na-ucru00e2nia","14":"tag-headlines","15":"tag-latest-news","16":"tag-latestnews","17":"tag-main-news","18":"tag-mainnews","19":"tag-mundo","20":"tag-news","21":"tag-noticias","22":"tag-noticias-principais","23":"tag-noticiasprincipais","24":"tag-principais-noticias","25":"tag-principaisnoticias","26":"tag-ru00fassia","27":"tag-top-stories","28":"tag-topstories","29":"tag-ucru00e2nia","30":"tag-ultimas","31":"tag-ultimas-noticias","32":"tag-ultimasnoticias","33":"tag-world","34":"tag-world-news","35":"tag-worldnews"},"share_on_mastodon":{"url":"","error":""},"_links":{"self":[{"href":"https:\/\/www.europesays.com\/pt\/wp-json\/wp\/v2\/posts\/105110","targetHints":{"allow":["GET"]}}],"collection":[{"href":"https:\/\/www.europesays.com\/pt\/wp-json\/wp\/v2\/posts"}],"about":[{"href":"https:\/\/www.europesays.com\/pt\/wp-json\/wp\/v2\/types\/post"}],"author":[{"embeddable":true,"href":"https:\/\/www.europesays.com\/pt\/wp-json\/wp\/v2\/users\/2"}],"replies":[{"embeddable":true,"href":"https:\/\/www.europesays.com\/pt\/wp-json\/wp\/v2\/comments?post=105110"}],"version-history":[{"count":0,"href":"https:\/\/www.europesays.com\/pt\/wp-json\/wp\/v2\/posts\/105110\/revisions"}],"wp:featuredmedia":[{"embeddable":true,"href":"https:\/\/www.europesays.com\/pt\/wp-json\/wp\/v2\/media\/105111"}],"wp:attachment":[{"href":"https:\/\/www.europesays.com\/pt\/wp-json\/wp\/v2\/media?parent=105110"}],"wp:term":[{"taxonomy":"category","embeddable":true,"href":"https:\/\/www.europesays.com\/pt\/wp-json\/wp\/v2\/categories?post=105110"},{"taxonomy":"post_tag","embeddable":true,"href":"https:\/\/www.europesays.com\/pt\/wp-json\/wp\/v2\/tags?post=105110"}],"curies":[{"name":"wp","href":"https:\/\/api.w.org\/{rel}","templated":true}]}}