{"id":105120,"date":"2025-10-10T15:14:07","date_gmt":"2025-10-10T15:14:07","guid":{"rendered":"https:\/\/www.europesays.com\/pt\/105120\/"},"modified":"2025-10-10T15:14:07","modified_gmt":"2025-10-10T15:14:07","slug":"sabado-e-dia-de-operacao-casa-limpa-na-regiao-sul","status":"publish","type":"post","link":"https:\/\/www.europesays.com\/pt\/105120\/","title":{"rendered":"S\u00e1bado \u00e9 dia de Opera\u00e7\u00e3o Casa Limpa na regi\u00e3o sul"},"content":{"rendered":"<p>&#13;<br \/>\n                        <b>Lucas Brito<\/b><br \/>&#13;<br \/>\n                Sa\u00fade&#13;\n            <\/p>\n<p dir=\"ltr\">Colaborou o estagi\u00e1rio V\u00edtor Burgatti<\/p>\n<p dir=\"ltr\">A zona sul da cidade ser\u00e1 o alvo da Opera\u00e7\u00e3o Casa Limpa deste s\u00e1bado (11), estrat\u00e9gia da Prefeitura de S\u00e3o Jos\u00e9 dos Campos no combate \u00e0 dengue.<\/p>\n<p dir=\"ltr\">Das 7h \u00e0s 12h, os moradores devem deixar em frente de casa os itens que possam servir de criadouros do mosquito Aedes aegypti, transmissor da doen\u00e7a, para que sejam recolhidos pelos caminh\u00f5es que v\u00e3o circular pelos bairros.<\/p>\n<p dir=\"ltr\">Ser\u00e3o visitados Bosque dos Eucaliptos, Jardim Estoril, Jardim Del Rey e Jardim Madureira.<\/p>\n<p dir=\"ltr\">Entre os objetos coletados est\u00e3o latas, potes, pneus, garrafas, lonas, vasos sanit\u00e1rios, baldes, tambores, piscinas desmont\u00e1veis e quaisquer outros que acumulam \u00e1gua.<\/p>\n<p dir=\"ltr\">\u00c9 importante refor\u00e7ar que os restos de constru\u00e7\u00f5es, m\u00f3veis e madeiras n\u00e3o s\u00e3o retirados e devem ser entregues nos PEVs (Pontos de Entrega Volunt\u00e1ria).<\/p>\n<p dir=\"ltr\">Entre janeiro e setembro deste ano, j\u00e1 foram realizadas 37 edi\u00e7\u00f5es por todo o munic\u00edpio, com cerca de 30 toneladas de objetos apanhados.<\/p>\n<p dir=\"ltr\">ADL<\/p>\n<p dir=\"ltr\">Dentro das iniciativas para enfrentar a doen\u00e7a, teve in\u00edcio neste m\u00eas a <a rel=\"noopener nofollow\" href=\"https:\/\/www.sjc.sp.gov.br\/noticias\/2025\/setembro\/30\/prefeitura-realiza-4%C2%AA-adl-do-ano-em-outubro\/\" target=\"_blank\">4\u00aa Avalia\u00e7\u00e3o de Densidade Larv\u00e1ria (ADL)<\/a> de 2025.<\/p>\n<p dir=\"ltr\">Com base nos dados obtidos, a Prefeitura avalia e ajusta as estrat\u00e9gias adotadas, redirecionando a\u00e7\u00f5es conforme a necessidade de cada regi\u00e3o.<\/p>\n<p dir=\"ltr\">A atividade acontece de segunda a sexta-feira e a <a rel=\"noopener nofollow\" href=\"https:\/\/www.sjc.sp.gov.br\/servicos\/saude\/campanha-contra-a-dengue\/programacao\/\" target=\"_blank\">programa\u00e7\u00e3o<\/a> di\u00e1ria pode ser acompanhada pelo site oficial da Prefeitura, junto com as demais medidas de controle e preven\u00e7\u00e3o executadas.<\/p>\n<p dir=\"ltr\">Com a chegada da primavera e o aumento das temperaturas, \u00e9 fundamental que os moradores mantenham os cuidados dentro de casa e sejam cordiais com os agentes, deixando-os entrar para verificar os poss\u00edveis criadouros. Eles est\u00e3o atuando para garantir a sa\u00fade de todos.<\/p>\n<p dir=\"ltr\">Caso tenha d\u00favidas sobre a identifica\u00e7\u00e3o, os profissionais est\u00e3o sempre uniformizados e com crach\u00e1 da Prefeitura. Os <a rel=\"noopener nofollow\" href=\"https:\/\/ccz.sjc.sp.gov.br\/agentesccz.php?pag=1\" target=\"_blank\" data-anchor=\"?pag=1\">registros tamb\u00e9m podem ser consultados on-line<\/a>, a partir do nome ou matr\u00edcula.<\/p>\n<p dir=\"ltr\">Confira as <a rel=\"noopener nofollow\" href=\"https:\/\/www.sjc.sp.gov.br\/servicos\/saude\/campanha-contra-a-dengue\/dengue\/\" target=\"_blank\">orienta\u00e7\u00f5es<\/a> para eliminar focos do mosquito e ao identificar qualquer poss\u00edvel foco do mosquito, entre em contato pela Central 156 (telefone, site e aplicativo).<\/p>\n<p>&#13;<br \/>\n                    <strong>MAIS NOT\u00cdCIAS<\/strong><br \/>&#13;<br \/>\n                    <a href=\"https:\/\/www.sjc.sp.gov.br\/noticias\/?tema=13\" rel=\"nofollow noopener\" target=\"_blank\">Sa\u00fade<\/a>&#13;\n                <\/p>\n","protected":false},"excerpt":{"rendered":"&#13; Lucas Brito&#13; Sa\u00fade&#13; Colaborou o estagi\u00e1rio V\u00edtor Burgatti A zona sul da cidade ser\u00e1 o alvo da&hellip;\n","protected":false},"author":2,"featured_media":105121,"comment_status":"","ping_status":"","sticky":false,"template":"","format":"standard","meta":{"footnotes":""},"categories":[86],"tags":[1300,116,3048,32,3046,33,3049,117,3047],"class_list":{"0":"post-105120","1":"post","2":"type-post","3":"status-publish","4":"format-standard","5":"has-post-thumbnail","7":"category-saude","8":"tag-cidade","9":"tag-health","10":"tag-online","11":"tag-portugal","12":"tag-prefeitura","13":"tag-pt","14":"tag-so-jos-dos-campos","15":"tag-saude","16":"tag-servios"},"share_on_mastodon":{"url":"","error":""},"_links":{"self":[{"href":"https:\/\/www.europesays.com\/pt\/wp-json\/wp\/v2\/posts\/105120","targetHints":{"allow":["GET"]}}],"collection":[{"href":"https:\/\/www.europesays.com\/pt\/wp-json\/wp\/v2\/posts"}],"about":[{"href":"https:\/\/www.europesays.com\/pt\/wp-json\/wp\/v2\/types\/post"}],"author":[{"embeddable":true,"href":"https:\/\/www.europesays.com\/pt\/wp-json\/wp\/v2\/users\/2"}],"replies":[{"embeddable":true,"href":"https:\/\/www.europesays.com\/pt\/wp-json\/wp\/v2\/comments?post=105120"}],"version-history":[{"count":0,"href":"https:\/\/www.europesays.com\/pt\/wp-json\/wp\/v2\/posts\/105120\/revisions"}],"wp:featuredmedia":[{"embeddable":true,"href":"https:\/\/www.europesays.com\/pt\/wp-json\/wp\/v2\/media\/105121"}],"wp:attachment":[{"href":"https:\/\/www.europesays.com\/pt\/wp-json\/wp\/v2\/media?parent=105120"}],"wp:term":[{"taxonomy":"category","embeddable":true,"href":"https:\/\/www.europesays.com\/pt\/wp-json\/wp\/v2\/categories?post=105120"},{"taxonomy":"post_tag","embeddable":true,"href":"https:\/\/www.europesays.com\/pt\/wp-json\/wp\/v2\/tags?post=105120"}],"curies":[{"name":"wp","href":"https:\/\/api.w.org\/{rel}","templated":true}]}}