{"id":105126,"date":"2025-10-10T15:19:14","date_gmt":"2025-10-10T15:19:14","guid":{"rendered":"https:\/\/www.europesays.com\/pt\/105126\/"},"modified":"2025-10-10T15:19:14","modified_gmt":"2025-10-10T15:19:14","slug":"portugal-em-destaque-na-luta-contra-o-cancro","status":"publish","type":"post","link":"https:\/\/www.europesays.com\/pt\/105126\/","title":{"rendered":"Portugal em destaque na luta contra o cancro"},"content":{"rendered":"<p><strong>Acompanhe toda a atualidade informativa em\u00a0<a href=\"http:\/\/24noticias.sapo.pt\/\" rel=\"nofollow noopener\" target=\"_blank\">24noticias.sapo.pt<\/a><\/strong><\/p>\n<p id=\"s-p-embed-6800000000\" data-start=\"2447\" data-end=\"2940\" data-is-last-node=\"\" data-is-only-node=\"\">\u00a0O cons\u00f3rcio re\u00fane atualmente mais de 160 organiza\u00e7\u00f5es de 31 pa\u00edses, com o objetivo de melhorar a preven\u00e7\u00e3o, o diagn\u00f3stico precoce, o tratamento e a qualidade de vida de doentes oncol\u00f3gicos e sobreviventes, sendo financiado em 112 milh\u00f5es de euros, dos quais 90 milh\u00f5es s\u00e3o cofinanciados pela Uni\u00e3o Europeia.<\/p>\n<p>Como l\u00edder do Work Package 2 \u2013 Comunica\u00e7\u00e3o, Ana Varges Gomes, m\u00e9dica da Unidade Local de Sa\u00fade do Algarve (ULSA), ser\u00e1 respons\u00e1vel por coordenar a estrat\u00e9gia europeia de comunica\u00e7\u00e3o e dissemina\u00e7\u00e3o, garantindo o envolvimento, a visibilidade e a partilha eficaz de resultados entre todos os pa\u00edses participantes. Para a especialista, este papel representa \u201creconhecimento e responsabilidade\u201d e constitui \u201cuma oportunidade para Portugal ajudar a moldar a forma como a Europa comunica sobre sa\u00fade, ci\u00eancia e igualdade\u201d, indicou em comunicado enviado \u00e0s reda\u00e7\u00f5es.<\/p>\n<p>A apresenta\u00e7\u00e3o oficial do EUnetCCC ter\u00e1 lugar no Parlamento Europeu, em Bruxelas, a 15 de outubro, e a primeira Confer\u00eancia Anual est\u00e1 marcada para 6 e 7 de novembro, em Paris, reunindo mais de mil delegados de toda a Europa. Durante o evento ser\u00e1 apresentado o primeiro White Paper do cons\u00f3rcio, centrado na governa\u00e7\u00e3o, sustentabilidade e integra\u00e7\u00e3o na Uni\u00e3o Europeia da Sa\u00fade. Est\u00e1 igualmente em curso um processo de alargamento do cons\u00f3rcio, prevendo-se que este venha a integrar cerca de 190 organiza\u00e7\u00f5es at\u00e9 ao final do ano.<\/p>\n<p>Com uma carreira de mais de 15 anos em oncologia, Ana Varges Gomes presidiu ao Conselho de Administra\u00e7\u00e3o do Centro Hospitalar Universit\u00e1rio do Algarve (CHUA) e participou em v\u00e1rios comit\u00e9s europeus, incluindo a European Organisation for Research and Treatment of Cancer (EORTC) e a European Head and Neck Society (EHNS), da qual \u00e9 membro fundadora da dire\u00e7\u00e3o. \u00c9 tamb\u00e9m a criadora da campanha internacional Make Sense, dedicada \u00e0 consciencializa\u00e7\u00e3o para o cancro da cabe\u00e7a e pesco\u00e7o, recentemente distinguida como Best Cancer Awareness Initiative 2025 \u2013 Europe pela revista Global Health &amp; Pharma.<\/p>\n<p>Licenciada em Medicina pela NOVA Medical School, possui uma p\u00f3s-gradua\u00e7\u00e3o em Gest\u00e3o em Sa\u00fade pela Cat\u00f3lica Porto Business School e forma\u00e7\u00e3o avan\u00e7ada em oncologia em Nova Iorque e Antu\u00e9rpia. Autora de v\u00e1rias publica\u00e7\u00f5es cient\u00edficas, continua a ser uma das principais defensoras da melhoria dos cuidados oncol\u00f3gicos e da comunica\u00e7\u00e3o em sa\u00fade na Europa, refor\u00e7ando agora o papel de Portugal na lideran\u00e7a europeia da coopera\u00e7\u00e3o cient\u00edfica e da luta contra o cancro.<\/p>\n<p>__<br \/><b id=\"s-b-embed-6800000000\" data-stringify-type=\"bold\">A sua newsletter de sempre, agora ainda mais \u00fatil<\/b><\/p>\n<p>Com o lan\u00e7amento da nova marca de informa\u00e7\u00e3o\u00a0<b>24not\u00edcias<\/b>, estamos a mudar a plataforma de newsletters, aproveitando para refor\u00e7ar a informa\u00e7\u00e3o que os leitores mais valorizam:\u00a0<b>a que lhes \u00e9 \u00fatil, ajuda a tomar decis\u00f5es e a entender o mundo.<\/b><\/p>\n<p><b>Assine a nova newsletter do 24not\u00edcias\u00a0<\/b><b><a href=\"https:\/\/sapo.us1.list-manage.com\/subscribe?u=8f49263740b14ab5854be8045&amp;id=57a39c5e8f\" target=\"_blank\" id=\"s-a-embed-6800000000\" rel=\"noreferrer noopener nofollow\" data-stringify-link=\"https:\/\/sapo.us1.list-manage.com\/subscribe?u=8f49263740b14ab5854be8045&amp;id=57a39c5e8f\" data-sk=\"tooltip_parent\">aqui<\/a><\/b><b>.<\/b><\/p>\n","protected":false},"excerpt":{"rendered":"Acompanhe toda a atualidade informativa em\u00a024noticias.sapo.pt \u00a0O cons\u00f3rcio re\u00fane atualmente mais de 160 organiza\u00e7\u00f5es de 31 pa\u00edses, com&hellip;\n","protected":false},"author":2,"featured_media":105127,"comment_status":"","ping_status":"","sticky":false,"template":"","format":"standard","meta":{"footnotes":""},"categories":[10],"tags":[27,28,15,16,14,25,26,21,22,12,13,19,20,32,23,24,33,17,18,29,30,31],"class_list":{"0":"post-105126","1":"post","2":"type-post","3":"status-publish","4":"format-standard","5":"has-post-thumbnail","7":"category-portugal","8":"tag-breaking-news","9":"tag-breakingnews","10":"tag-featured-news","11":"tag-featurednews","12":"tag-headlines","13":"tag-latest-news","14":"tag-latestnews","15":"tag-main-news","16":"tag-mainnews","17":"tag-news","18":"tag-noticias","19":"tag-noticias-principais","20":"tag-noticiasprincipais","21":"tag-portugal","22":"tag-principais-noticias","23":"tag-principaisnoticias","24":"tag-pt","25":"tag-top-stories","26":"tag-topstories","27":"tag-ultimas","28":"tag-ultimas-noticias","29":"tag-ultimasnoticias"},"share_on_mastodon":{"url":"","error":""},"_links":{"self":[{"href":"https:\/\/www.europesays.com\/pt\/wp-json\/wp\/v2\/posts\/105126","targetHints":{"allow":["GET"]}}],"collection":[{"href":"https:\/\/www.europesays.com\/pt\/wp-json\/wp\/v2\/posts"}],"about":[{"href":"https:\/\/www.europesays.com\/pt\/wp-json\/wp\/v2\/types\/post"}],"author":[{"embeddable":true,"href":"https:\/\/www.europesays.com\/pt\/wp-json\/wp\/v2\/users\/2"}],"replies":[{"embeddable":true,"href":"https:\/\/www.europesays.com\/pt\/wp-json\/wp\/v2\/comments?post=105126"}],"version-history":[{"count":0,"href":"https:\/\/www.europesays.com\/pt\/wp-json\/wp\/v2\/posts\/105126\/revisions"}],"wp:featuredmedia":[{"embeddable":true,"href":"https:\/\/www.europesays.com\/pt\/wp-json\/wp\/v2\/media\/105127"}],"wp:attachment":[{"href":"https:\/\/www.europesays.com\/pt\/wp-json\/wp\/v2\/media?parent=105126"}],"wp:term":[{"taxonomy":"category","embeddable":true,"href":"https:\/\/www.europesays.com\/pt\/wp-json\/wp\/v2\/categories?post=105126"},{"taxonomy":"post_tag","embeddable":true,"href":"https:\/\/www.europesays.com\/pt\/wp-json\/wp\/v2\/tags?post=105126"}],"curies":[{"name":"wp","href":"https:\/\/api.w.org\/{rel}","templated":true}]}}