{"id":105140,"date":"2025-10-10T15:33:25","date_gmt":"2025-10-10T15:33:25","guid":{"rendered":"https:\/\/www.europesays.com\/pt\/105140\/"},"modified":"2025-10-10T15:33:25","modified_gmt":"2025-10-10T15:33:25","slug":"arrisca-coima-ate-dois-mil-euros-por-mergulhar-em-zona-proibida","status":"publish","type":"post","link":"https:\/\/www.europesays.com\/pt\/105140\/","title":{"rendered":"Arrisca coima at\u00e9 dois mil euros por mergulhar em zona proibida"},"content":{"rendered":"<p>Segundo informou hoje a for\u00e7a policial, foi no decorrer de uma a\u00e7\u00e3o de fiscaliza\u00e7\u00e3o destinada a prevenir e controlar a pr\u00e1tica de mergulho ilegal que os militares da Unidade de Controlo Costeiro e de Fronteiras detetaram o indiv\u00edduo a realizar mergulho recreativo em zona proibida.<\/p>\n<p data-remotead-prev-elm=\"true\" data-remotead-elm-id=\"inread\">Foram-lhe apreendidos todos os equipamentos de mergulho e levantado o respetivo auto de contraordena\u00e7\u00e3o, cuja coima pode ascender a dois mil euros.<\/p>\n<p>A GNR alerta que, para garantir a preserva\u00e7\u00e3o dos recursos naturais e culturais, os mergulhadores n\u00e3o podem proceder \u00e0 captura, manipula\u00e7\u00e3o ou recolha de esp\u00e9cies biol\u00f3gicas ou de elementos do patrim\u00f3nio natural, nem realizar quaisquer outras atividades intrusivas ou perturbadoras do ecossistema.<\/p>\n","protected":false},"excerpt":{"rendered":"Segundo informou hoje a for\u00e7a policial, foi no decorrer de uma a\u00e7\u00e3o de fiscaliza\u00e7\u00e3o destinada a prevenir e&hellip;\n","protected":false},"author":2,"featured_media":105141,"comment_status":"","ping_status":"","sticky":false,"template":"","format":"standard","meta":{"footnotes":""},"categories":[10],"tags":[27,28,5852,15,16,2002,14,603,25,26,21,22,12,13,19,20,32,23,24,33,17,18,29,30,31],"class_list":{"0":"post-105140","1":"post","2":"type-post","3":"status-publish","4":"format-standard","5":"has-post-thumbnail","7":"category-portugal","8":"tag-breaking-news","9":"tag-breakingnews","10":"tag-coima","11":"tag-featured-news","12":"tag-featurednews","13":"tag-gnr","14":"tag-headlines","15":"tag-justica","16":"tag-latest-news","17":"tag-latestnews","18":"tag-main-news","19":"tag-mainnews","20":"tag-news","21":"tag-noticias","22":"tag-noticias-principais","23":"tag-noticiasprincipais","24":"tag-portugal","25":"tag-principais-noticias","26":"tag-principaisnoticias","27":"tag-pt","28":"tag-top-stories","29":"tag-topstories","30":"tag-ultimas","31":"tag-ultimas-noticias","32":"tag-ultimasnoticias"},"share_on_mastodon":{"url":"","error":""},"_links":{"self":[{"href":"https:\/\/www.europesays.com\/pt\/wp-json\/wp\/v2\/posts\/105140","targetHints":{"allow":["GET"]}}],"collection":[{"href":"https:\/\/www.europesays.com\/pt\/wp-json\/wp\/v2\/posts"}],"about":[{"href":"https:\/\/www.europesays.com\/pt\/wp-json\/wp\/v2\/types\/post"}],"author":[{"embeddable":true,"href":"https:\/\/www.europesays.com\/pt\/wp-json\/wp\/v2\/users\/2"}],"replies":[{"embeddable":true,"href":"https:\/\/www.europesays.com\/pt\/wp-json\/wp\/v2\/comments?post=105140"}],"version-history":[{"count":0,"href":"https:\/\/www.europesays.com\/pt\/wp-json\/wp\/v2\/posts\/105140\/revisions"}],"wp:featuredmedia":[{"embeddable":true,"href":"https:\/\/www.europesays.com\/pt\/wp-json\/wp\/v2\/media\/105141"}],"wp:attachment":[{"href":"https:\/\/www.europesays.com\/pt\/wp-json\/wp\/v2\/media?parent=105140"}],"wp:term":[{"taxonomy":"category","embeddable":true,"href":"https:\/\/www.europesays.com\/pt\/wp-json\/wp\/v2\/categories?post=105140"},{"taxonomy":"post_tag","embeddable":true,"href":"https:\/\/www.europesays.com\/pt\/wp-json\/wp\/v2\/tags?post=105140"}],"curies":[{"name":"wp","href":"https:\/\/api.w.org\/{rel}","templated":true}]}}