{"id":105149,"date":"2025-10-10T15:41:10","date_gmt":"2025-10-10T15:41:10","guid":{"rendered":"https:\/\/www.europesays.com\/pt\/105149\/"},"modified":"2025-10-10T15:41:10","modified_gmt":"2025-10-10T15:41:10","slug":"conceicao-e-novo-rival-de-cristiano-ronaldo-felix-e-jesus-eis-a-reacao","status":"publish","type":"post","link":"https:\/\/www.europesays.com\/pt\/105149\/","title":{"rendered":"Concei\u00e7\u00e3o \u00e9 novo rival de Cristiano Ronaldo, F\u00e9lix e Jesus. Eis a rea\u00e7\u00e3o"},"content":{"rendered":"<p>Sensivelmente 24 horas ap\u00f3s ter sido <a href=\"https:\/\/www.noticiasaominuto.com\/desporto\/2866946\/oficial-sergio-conceicao-e-batizado-e-tem-novo-clube\" target=\"_blank\" rel=\"noreferrer noopener nofollow\">oficializado como novo treinador do Al-Ittihad<\/a>, S\u00e9rgio Concei\u00e7\u00e3o recorreu \u00e0s suas redes sociais, na noite desta quinta-feira, para deixar uma curta rea\u00e7\u00e3o a prop\u00f3sito da sua primeira aventura na Ar\u00e1bia Saudita. <\/p>\n<p>&#8220;Chegou a hora de abra\u00e7ar um novo projeto, o Al-Ittihad. Juntos vamos escrever uma nova hist\u00f3ria, sempre com trabalho, ambi\u00e7\u00e3o e paix\u00e3o&#8221;, limitou-se a escrever o experiente treinador portugu\u00eas, atrav\u00e9s de uma publica\u00e7\u00e3o na sua conta oficial de Instagram.<\/p>\n<p>De referir que o t\u00e9cnico ex-FC Porto deixou recentemente o AC Milan e assume, assim, o seu primeiro desafio fora do futebol europeu, na luta pelo bicampeonato saudita, onde se torna rival direto de Cristiano Ronaldo, Jo\u00e3o F\u00e9lix e Jorge Jesus, todos eles ao servi\u00e7o do Al Nassr, n\u00e3o esquecendo ainda R\u00faben Neves e Jo\u00e3o Cancelo, do Al Hilal.<\/p>\n<p>Ao servi\u00e7o do Al-Ittihad, o atual campe\u00e3o da Ar\u00e1bia Saudita, S\u00e9rgio Concei\u00e7\u00e3o contar\u00e1 ainda com os servi\u00e7os do tamb\u00e9m portugu\u00eas (e ex-FC Porto) Danilo Pereira.<\/p>\n<p>O experiente treinador portugu\u00eas foi recebido em Jeddah, esta quinta-feira, em clima de euforia e ainda teve direito ao c\u00e9lebre ramo de flores de boas-vindas, quando chegou ao aeroporto, assim como a restante equipa t\u00e9cnica, composta por Jo\u00e3o Costa, F\u00e1bio Moura, Bruno, Siramana Demb\u00e9l\u00e9, Diamantino Figueiredo e Vedran.<\/p>\n<p>Reencontro de Concei\u00e7\u00e3o com os portugueses<\/p>\n<p>Na sua longa passagem por Portugal, especialmente ao servi\u00e7o do FC Porto (para l\u00e1 das aventuras no Olhanense, na Acad\u00e9mica, no Sporting de Braga e no Vit\u00f3ria SC), S\u00e9rgio Concei\u00e7\u00e3o foi protagonista de momentos de muita euforia, alguns dos quais com contornos pol\u00e9micos, at\u00e9 mesmo com Jorge Jesus.<\/p>\n<p>Se \u00e9 verdade que a rela\u00e7\u00e3o at\u00e9 pareceu estar serena quando o atual treinador do Al Nassr orientava o Sporting, o mesmo n\u00e3o se pode dizer ap\u00f3s um desentendimento em janeiro de 2021, em plena pandemia provocada pela Covid-19, ap\u00f3s um Cl\u00e1ssico entre FC Porto e Benfica no Est\u00e1dio do Drag\u00e3o, a terminar com uma troca acesa de palavras entre ambos os treinadores.<\/p>\n<p>S\u00e9rgio Concei\u00e7\u00e3o cruzou-se ainda com Cristiano Ronaldo, quando este se encontrava na Juventus e visitou o Est\u00e1dio do Drag\u00e3o na Liga dos Campe\u00f5es, mas foi com Jo\u00e3o F\u00e9lix que chegou a trabalhar lado a lado, j\u00e1 depois de terem sido rivais nos acesos duelos entre FC Porto e Benfica. Na segunda metade da \u00e9poca passada, recorde-se, o avan\u00e7ado treinou \u00e0s ordens do t\u00e9cnico de 50 anos no AC Milan, numa altura em que ambos os portugueses enfrentavam algumas cr\u00edticas em torno da ocasional falta de rendimento desportivo.<\/p>\n<p>Agora, esses tr\u00eas portugueses jogam pela mesma equipa e lideram o campeonato da Ar\u00e1bia Saudita, ao servi\u00e7o do Al Nassr, com 12 pontos em 12 poss\u00edveis, enquanto o Al-Ittihad divide o terceiro lugar com o Neom, com nove pontos, a um do Al-Qadisiyah, de Ot\u00e1vio.<\/p>\n<p>Leia Tamb\u00e9m: <a href=\"https:\/\/www.noticiasaominuto.com\/desporto\/2867320\/al-ittihad-mostra-encanto-de-sergio-conceicao-na-chegada-a-arabia-saudita\" target=\"_blank\" rel=\"noreferrer noopener nofollow\">Al-Ittihad mostra encanto de S\u00e9rgio Concei\u00e7\u00e3o na chegada \u00e0 Ar\u00e1bia Saudita<\/a><\/p>\n<p>Leia Tamb\u00e9m: <a href=\"https:\/\/www.noticiasaominuto.com\/desporto\/2866946\/oficial-sergio-conceicao-e-batizado-e-tem-novo-clube\" target=\"_blank\" rel=\"noreferrer noopener nofollow\">Oficial: S\u00e9rgio Concei\u00e7\u00e3o \u00e9 &#8216;batizado&#8217; e tem novo clube<\/a><\/p>\n","protected":false},"excerpt":{"rendered":"Sensivelmente 24 horas ap\u00f3s ter sido oficializado como novo treinador do Al-Ittihad, S\u00e9rgio Concei\u00e7\u00e3o recorreu \u00e0s suas redes&hellip;\n","protected":false},"author":2,"featured_media":105150,"comment_status":"","ping_status":"","sticky":false,"template":"","format":"standard","meta":{"footnotes":""},"categories":[87],"tags":[135,32,33,134],"class_list":{"0":"post-105149","1":"post","2":"type-post","3":"status-publish","4":"format-standard","5":"has-post-thumbnail","7":"category-desporto","8":"tag-desporto","9":"tag-portugal","10":"tag-pt","11":"tag-sports"},"share_on_mastodon":{"url":"","error":""},"_links":{"self":[{"href":"https:\/\/www.europesays.com\/pt\/wp-json\/wp\/v2\/posts\/105149","targetHints":{"allow":["GET"]}}],"collection":[{"href":"https:\/\/www.europesays.com\/pt\/wp-json\/wp\/v2\/posts"}],"about":[{"href":"https:\/\/www.europesays.com\/pt\/wp-json\/wp\/v2\/types\/post"}],"author":[{"embeddable":true,"href":"https:\/\/www.europesays.com\/pt\/wp-json\/wp\/v2\/users\/2"}],"replies":[{"embeddable":true,"href":"https:\/\/www.europesays.com\/pt\/wp-json\/wp\/v2\/comments?post=105149"}],"version-history":[{"count":0,"href":"https:\/\/www.europesays.com\/pt\/wp-json\/wp\/v2\/posts\/105149\/revisions"}],"wp:featuredmedia":[{"embeddable":true,"href":"https:\/\/www.europesays.com\/pt\/wp-json\/wp\/v2\/media\/105150"}],"wp:attachment":[{"href":"https:\/\/www.europesays.com\/pt\/wp-json\/wp\/v2\/media?parent=105149"}],"wp:term":[{"taxonomy":"category","embeddable":true,"href":"https:\/\/www.europesays.com\/pt\/wp-json\/wp\/v2\/categories?post=105149"},{"taxonomy":"post_tag","embeddable":true,"href":"https:\/\/www.europesays.com\/pt\/wp-json\/wp\/v2\/tags?post=105149"}],"curies":[{"name":"wp","href":"https:\/\/api.w.org\/{rel}","templated":true}]}}