{"id":105157,"date":"2025-10-10T15:48:38","date_gmt":"2025-10-10T15:48:38","guid":{"rendered":"https:\/\/www.europesays.com\/pt\/105157\/"},"modified":"2025-10-10T15:48:38","modified_gmt":"2025-10-10T15:48:38","slug":"portugal-realiza-derradeiro-treino-antes-da-rececao-a-irlanda","status":"publish","type":"post","link":"https:\/\/www.europesays.com\/pt\/105157\/","title":{"rendered":"Portugal realiza derradeiro treino antes da rece\u00e7\u00e3o \u00e0 Irlanda"},"content":{"rendered":"<p>A sele\u00e7\u00e3o portuguesa faz hoje o \u00faltimo treino antes da rece\u00e7\u00e3o de s\u00e1bado \u00e0 Rep\u00fablica da Irlanda, em encontro do Grupo F de apuramento para o Mundial2026 de futebol. Roberto Mart\u00ednez dever\u00e1 voltar a ter todos os 25 convocados a treinar sem limita\u00e7\u00f5es, como aconteceu ao longo de toda a semana.<\/p>\n<p><a href=\"https:\/\/sportinforma.sapo.pt\/\" target=\"_blank\" rel=\"noreferrer noopener nofollow\">&#8211; Tudo sobre o desporto nacional e internacional em<b id=\"s-b-embed-6800000000\" data-stringify-type=\"bold\">\u00a0<\/b><b>sportinforma.sapo.pt &#8211;<\/b><\/a><\/p>\n<p>Portugal tem a \u00faltima sess\u00e3o antes do duelo com os irlandeses agendada para as 18h00, na Cidade do Futebol, em Oeiras, com os primeiros 15 minutos abertos \u00e0 comunica\u00e7\u00e3o social. Antes, pelas 17h00, o selecionador Roberto Mart\u00ednez e um jogador a designar v\u00e3o fazer a antevis\u00e3o do encontro da terceira jornada em confer\u00eancia de imprensa.<\/p>\n<p>O Portugal-Irlanda est\u00e1 agendado para as 19h45 de s\u00e1bado, no Est\u00e1dio Jos\u00e9 Alvalade, em Lisboa, e ter\u00e1 arbitragem do eslovaco Ivan Kruzliak.<\/p>\n<p>Tr\u00eas dias depois, em 14 de outubro, tamb\u00e9m em Alvalade e tamb\u00e9m \u00e0s 19h45, a sele\u00e7\u00e3o nacional defronta a Hungria.<\/p>\n<p>Portugal lidera o Grupo F com seis pontos, mais tr\u00eas do que a Arm\u00e9nia, enquanto h\u00fangaros e irlandeses somam apenas um, resultante do empate entre ambos.<\/p>\n","protected":false},"excerpt":{"rendered":"A sele\u00e7\u00e3o portuguesa faz hoje o \u00faltimo treino antes da rece\u00e7\u00e3o de s\u00e1bado \u00e0 Rep\u00fablica da Irlanda, em&hellip;\n","protected":false},"author":2,"featured_media":105158,"comment_status":"","ping_status":"","sticky":false,"template":"","format":"standard","meta":{"footnotes":""},"categories":[8],"tags":[27,28,15,16,14,25,26,21,22,12,13,19,20,32,23,24,33,17,18,29,30,31],"class_list":{"0":"post-105157","1":"post","2":"type-post","3":"status-publish","4":"format-standard","5":"has-post-thumbnail","7":"category-principais-noticias","8":"tag-breaking-news","9":"tag-breakingnews","10":"tag-featured-news","11":"tag-featurednews","12":"tag-headlines","13":"tag-latest-news","14":"tag-latestnews","15":"tag-main-news","16":"tag-mainnews","17":"tag-news","18":"tag-noticias","19":"tag-noticias-principais","20":"tag-noticiasprincipais","21":"tag-portugal","22":"tag-principais-noticias","23":"tag-principaisnoticias","24":"tag-pt","25":"tag-top-stories","26":"tag-topstories","27":"tag-ultimas","28":"tag-ultimas-noticias","29":"tag-ultimasnoticias"},"share_on_mastodon":{"url":"","error":""},"_links":{"self":[{"href":"https:\/\/www.europesays.com\/pt\/wp-json\/wp\/v2\/posts\/105157","targetHints":{"allow":["GET"]}}],"collection":[{"href":"https:\/\/www.europesays.com\/pt\/wp-json\/wp\/v2\/posts"}],"about":[{"href":"https:\/\/www.europesays.com\/pt\/wp-json\/wp\/v2\/types\/post"}],"author":[{"embeddable":true,"href":"https:\/\/www.europesays.com\/pt\/wp-json\/wp\/v2\/users\/2"}],"replies":[{"embeddable":true,"href":"https:\/\/www.europesays.com\/pt\/wp-json\/wp\/v2\/comments?post=105157"}],"version-history":[{"count":0,"href":"https:\/\/www.europesays.com\/pt\/wp-json\/wp\/v2\/posts\/105157\/revisions"}],"wp:featuredmedia":[{"embeddable":true,"href":"https:\/\/www.europesays.com\/pt\/wp-json\/wp\/v2\/media\/105158"}],"wp:attachment":[{"href":"https:\/\/www.europesays.com\/pt\/wp-json\/wp\/v2\/media?parent=105157"}],"wp:term":[{"taxonomy":"category","embeddable":true,"href":"https:\/\/www.europesays.com\/pt\/wp-json\/wp\/v2\/categories?post=105157"},{"taxonomy":"post_tag","embeddable":true,"href":"https:\/\/www.europesays.com\/pt\/wp-json\/wp\/v2\/tags?post=105157"}],"curies":[{"name":"wp","href":"https:\/\/api.w.org\/{rel}","templated":true}]}}