{"id":105165,"date":"2025-10-10T15:55:19","date_gmt":"2025-10-10T15:55:19","guid":{"rendered":"https:\/\/www.europesays.com\/pt\/105165\/"},"modified":"2025-10-10T15:55:19","modified_gmt":"2025-10-10T15:55:19","slug":"rui-borges-prestes-a-receber-reforco-face-a-tanta-ausencia-no-sporting","status":"publish","type":"post","link":"https:\/\/www.europesays.com\/pt\/105165\/","title":{"rendered":"Rui Borges prestes a receber &#8216;refor\u00e7o&#8217; face a tanta aus\u00eancia no Sporting"},"content":{"rendered":"<p>Ap\u00f3s tr\u00eas dias de folga, o Sporting retomou os trabalhos na Academia Cristiano Ronaldo, esta quinta-feira, com muitas novidades e tamb\u00e9m muitas aus\u00eancias, numa altura em que Rui Borges at\u00e9 poder\u00e1 estar prestes a receber um &#8216;refor\u00e7o&#8217;. Trata-se de Rayan Lucas.<\/p>\n<p>Face ao plantel mais reduzido que tem \u00e0 disposi\u00e7\u00e3o nos pr\u00f3ximos dias, o treinador portugu\u00eas dever\u00e1 apostar na chamada do m\u00e9dio brasileiro de 20 anos, segundo escreve o jornal A Bola, na sua edi\u00e7\u00e3o impressa desta sexta-feira. Ainda assim, h\u00e1 tamb\u00e9m a possibilidade de se juntar \u00e0 equipa B, \u00e0s ordens de Jo\u00e3o Gi\u00e3o.<\/p>\n<p>De referir que Rayan Lucas j\u00e1 representou o Brasil no Campeonato do Mundo de sub-20 e est\u00e1 agora a caminho de Alcochete, ainda \u00e0 espreita de uma oportunidade na equipa principal, onde j\u00e1 foi convocado, mas sem qualquer minuto somado, para j\u00e1.<\/p>\n<p>No que aos b\u00eas diz respeito, o jogador emprestado pelo Flamengo j\u00e1 realizou quatro partidas, a \u00faltima das quais diante do Pa\u00e7os de Ferreira (3-0), no passado dia 31 de agosto, sendo que, depois disso, foi chamado para integrar as convocat\u00f3rias de Rui Borges para os encontros diante de Famalic\u00e3o (1-2) na I Liga e Kairat (4-1) na Liga dos Campe\u00f5es.<\/p>\n<p>                                                    <img decoding=\"async\" src=\"https:\/\/www.europesays.com\/pt\/wp-content\/uploads\/2025\/10\/naom_68de6a86d6b2a.jpg\" border=\"0\" alt=\"Rui Borges 'perde' 15 jogadores no Sporting e chama sete 'mi\u00fados'\"\/><\/p>\n<p>Samuel Justo, Rafael Nel, Paulo Cardoso, Kau\u00e3 Oliveira, Jos\u00e9 Silva, Rafael Besugo e R\u00f4mulo Junior foram convocados por Rui Borges para treinarem na equipa principal do Sporting, na Academia Cristiano Ronaldo.<\/p>\n<p>                                                     Miguel Sim\u00f5es | 14:07 &#8211; 09\/10\/2025 <\/p>\n<p>Como foi o regresso aos treinos?<\/p>\n<p>Em plena pausa nas provas de clubes, fruto dos compromissos entre sele\u00e7\u00f5es, Rui Borges resolveu chamar sete jovens &#8211; Samuel Justo, Rafael Nel, Paulo Cardoso, Kau\u00e3 Oliveira, Jos\u00e9 Silva, Rafael Besugo e R\u00f4mulo Junior &#8211; para &#8216;compensar&#8217; as vagas desocupadas com 15 jogadores internacionais.<\/p>\n<p>Recorde-se que, desses 15, quase metade est\u00e3o ao servi\u00e7o das sele\u00e7\u00f5es de Portugal, desde Rodrigo Ribeiro nos sub-20 e de Geovany Quenda e Jo\u00e3o Sim\u00f5es nos sub-21 a Rui Silva, Pedro Gon\u00e7alves, Gon\u00e7alo In\u00e1cio e Francisco Trinc\u00e3o na principal sele\u00e7\u00e3o lusa.<\/p>\n<p>Os restantes oito ausentes s\u00e3o Luis Su\u00e1rez (Col\u00f4mbia), Giorgi Kochorashvili (Ge\u00f3rgia), Geny Catamo (Mo\u00e7ambique), Zeno Debast (B\u00e9lgica), Morten Hjulmand (Dinamarca), Iv\u00e1n Fresneda (Espanha sub-21), Georgios Vagiannidis e Fotis Ioannidis (Gr\u00e9cia).<\/p>\n<p>De referir ainda que o conjunto orientado por Rui Borges vai voltar a entrar em a\u00e7\u00e3o em Alcochete, na manh\u00e3 desta sexta-feira, \u00e0 porta fechada, numa altura em que faltam ainda nove dias para o pr\u00f3ximo encontro oficial, frente ao Pa\u00e7os de Ferreira, referente \u00e0 terceira eliminat\u00f3ria da Ta\u00e7a de Portugal.\u00a0<\/p>\n<p>Esse ser\u00e1 apenas o primeiro duelo de cinco em apenas duas semanas, uma vez que se segue o Olympique Marseille (dia 22, na Champions), o Tondela (dia 26, na I Liga) e o Alverca por duas ocasi\u00f5es em Alvalade &#8211; primeiro no dia 28 a contar para a Ta\u00e7a da Liga e depois no dia 31, em duelo referente \u00e0 10.\u00aa jornada do campeonato.<\/p>\n<p>Leia Tamb\u00e9m: <a href=\"https:\/\/www.noticiasaominuto.com\/desporto\/2867578\/rui-borges-perde-15-jogadores-no-sporting-e-chama-sete-miudos\" target=\"_blank\" rel=\"noopener noreferrer nofollow\">Rui Borges &#8216;perde&#8217; 15 jogadores no Sporting e chama sete &#8216;mi\u00fados&#8217;<\/a><\/p>\n<p>Leia Tamb\u00e9m: <a href=\"https:\/\/www.noticiasaominuto.com\/desporto\/2866940\/proscritos-talismas-e-ainda-st-juste-o-novo-sporting-de-rui-borges\" target=\"_blank\" rel=\"noopener noreferrer nofollow\">&#8216;Proscritos&#8217;, talism\u00e3s e ainda St. Juste. O &#8216;novo&#8217; Sporting de Rui Borges<\/a><\/p>\n","protected":false},"excerpt":{"rendered":"Ap\u00f3s tr\u00eas dias de folga, o Sporting retomou os trabalhos na Academia Cristiano Ronaldo, esta quinta-feira, com muitas&hellip;\n","protected":false},"author":2,"featured_media":105166,"comment_status":"","ping_status":"","sticky":false,"template":"","format":"standard","meta":{"footnotes":""},"categories":[87],"tags":[135,32,33,134],"class_list":{"0":"post-105165","1":"post","2":"type-post","3":"status-publish","4":"format-standard","5":"has-post-thumbnail","7":"category-desporto","8":"tag-desporto","9":"tag-portugal","10":"tag-pt","11":"tag-sports"},"share_on_mastodon":{"url":"","error":""},"_links":{"self":[{"href":"https:\/\/www.europesays.com\/pt\/wp-json\/wp\/v2\/posts\/105165","targetHints":{"allow":["GET"]}}],"collection":[{"href":"https:\/\/www.europesays.com\/pt\/wp-json\/wp\/v2\/posts"}],"about":[{"href":"https:\/\/www.europesays.com\/pt\/wp-json\/wp\/v2\/types\/post"}],"author":[{"embeddable":true,"href":"https:\/\/www.europesays.com\/pt\/wp-json\/wp\/v2\/users\/2"}],"replies":[{"embeddable":true,"href":"https:\/\/www.europesays.com\/pt\/wp-json\/wp\/v2\/comments?post=105165"}],"version-history":[{"count":0,"href":"https:\/\/www.europesays.com\/pt\/wp-json\/wp\/v2\/posts\/105165\/revisions"}],"wp:featuredmedia":[{"embeddable":true,"href":"https:\/\/www.europesays.com\/pt\/wp-json\/wp\/v2\/media\/105166"}],"wp:attachment":[{"href":"https:\/\/www.europesays.com\/pt\/wp-json\/wp\/v2\/media?parent=105165"}],"wp:term":[{"taxonomy":"category","embeddable":true,"href":"https:\/\/www.europesays.com\/pt\/wp-json\/wp\/v2\/categories?post=105165"},{"taxonomy":"post_tag","embeddable":true,"href":"https:\/\/www.europesays.com\/pt\/wp-json\/wp\/v2\/tags?post=105165"}],"curies":[{"name":"wp","href":"https:\/\/api.w.org\/{rel}","templated":true}]}}