{"id":105169,"date":"2025-10-10T16:00:12","date_gmt":"2025-10-10T16:00:12","guid":{"rendered":"https:\/\/www.europesays.com\/pt\/105169\/"},"modified":"2025-10-10T16:00:12","modified_gmt":"2025-10-10T16:00:12","slug":"controlo-de-fronteiras-novo-sistema-europeu-entra-em-vigor-dia-12-de-outubro-saiba-o-que-vai-mudar","status":"publish","type":"post","link":"https:\/\/www.europesays.com\/pt\/105169\/","title":{"rendered":"Controlo de fronteiras: novo sistema europeu entra em vigor dia 12 de outubro, saiba o que vai mudar"},"content":{"rendered":"<p class=\"category\"><a href=\"https:\/\/sicnoticias.pt\/pais\" rel=\"nofollow noopener\" target=\"_blank\">Pa\u00eds<\/a><\/p>\n<p class=\"g-article-lead lead\" data-field=\"lead\">O Entry\/Exit System aplica-se a todos os viajantes de pa\u00edses terceiros, ou seja, n\u00e3o cidad\u00e3os da Uni\u00e3o Europeia, que entram no espa\u00e7o Schengen para \u201cestadias de curta dura\u00e7\u00e3o\u201d, independentemente de necessitarem ou n\u00e3o de visto.<\/p>\n<p><img decoding=\"async\" src=\"https:\/\/www.europesays.com\/pt\/wp-content\/uploads\/2025\/10\/1760112012_854_original.webp\" alt=\"Controlo de fronteiras: novo sistema europeu entra em vigor dia 12 de outubro, saiba o que vai mudar\"\/><\/p>\n<p>imagoDens\/Getty Images<\/p>\n<p><strong>O <\/strong><a href=\"https:\/\/ssi.gov.pt\/\" target=\"_blank\" rel=\"noopener noreferrer nofollow\"><strong>Sistema de Seguran\u00e7a Interna (SSI)<\/strong><\/a><strong>, a GNR, PSP, em articula\u00e7\u00e3o com o Governo da Rep\u00fablica d\u00e3o conta, esta sexta-feira, em comunicado conjunto, da data em entrar\u00e1 em vigor, \u201cem todos os pa\u00edses do espa\u00e7o Schengen\u201d, o novo sistema europeu de controlo de fronteiras: 12 de outubro.<\/strong><\/p>\n<p>D\u00e1 pelo nome de \u201cEntry\/Exit System (EES)\u201d e aplica-se \u201ca todos os viajantes de pa\u00edses terceiros (n\u00e3o cidad\u00e3os da Uni\u00e3o Europeia) que entram no espa\u00e7o Schengen para estadias de curta dura\u00e7\u00e3o \u2013 at\u00e9 ao limite de 90 dias, num per\u00edodo de 180 dias consecutivos \u2013 independentemente de necessitarem ou n\u00e3o de visto\u201d.<\/p>\n<blockquote>\n<p>\u201cEste novo sistema representa um avan\u00e7o na seguran\u00e7a, efici\u00eancia do controlo fronteiri\u00e7o e gest\u00e3o automatizada das entradas e sa\u00eddas no espa\u00e7o Schengen\u201d, salienta o comunicado.<\/p>\n<\/blockquote>\n<p>  O que muda  <\/p>\n<ul>\n<li>as <strong>entradas e sa\u00eddas de viajantes de pa\u00edses terceiros passam a ser registadas eletronicamente<\/strong> (data, hora e posto de fronteira);<\/li>\n<li>o carimbo manual nos passaportes \u00e9 substituido para tornar \u201cmais seguro todo o processo de controlo\u201d;<\/li>\n<li>aquando da <strong>primeira entrada, s\u00e3o recolhidas quatro impress\u00f5es digitais e uma fotografia<\/strong> &#8211; <strong>medida aplic\u00e1vel s\u00f3 a partir de dezembro<\/strong>;<\/li>\n<li>o <strong>sistema identifica automaticamente quem excede o per\u00edodo legal de perman\u00eancia<\/strong> no espa\u00e7o Schengen;<\/li>\n<li>a<strong> informa\u00e7\u00e3o \u00e9 partilhada em tempo real com as autoridades dos pa\u00edses Schengen, atrav\u00e9s de um sistema centralizado e interoper\u00e1vel com outras bases de dados europeias de seguran\u00e7a<\/strong> (como o Sistema de Informa\u00e7\u00e3o Schengen (SIS II) e o Sistema de Informa\u00e7\u00e3o sobre Vistos (VIS).<\/li>\n<\/ul>\n<p>  Quem coordena  <\/p>\n<p>Por c\u00e1, a implementa\u00e7\u00e3o do Entry\/Exit System \u00e9 <strong>coordenada pelo SSI, em articula\u00e7\u00e3o com a Guarda Nacional Republicana (GNR), Pol\u00edcia de Seguran\u00e7a P\u00fablica (PSP), Autoridade Nacional de Avia\u00e7\u00e3o Civil (ANAC), Administra\u00e7\u00f5es Portu\u00e1rias e ANA Aeroportos<\/strong>.<\/p>\n<blockquote>\n<p>\u201cCom o EES, Portugal e a Uni\u00e3o Europeia passam a dispor de um sistema digital, seguro e interoper\u00e1vel, que permite detetar de forma mais r\u00e1pida documentos falsos, entradas irregulares e outras amea\u00e7as \u00e0 seguran\u00e7a, o que coloca o pa\u00eds na linha da frente da gest\u00e3o inteligente das fronteiras, refor\u00e7ando a prote\u00e7\u00e3o das fronteiras externas bem como a coopera\u00e7\u00e3o e partilha autom\u00e1tica de dados entre os Estados-Membros\u201d, destaca o comunicado.<\/p>\n<\/blockquote>\n<p>As entidades envolvidas garantem que o sistema Entry\/Exit assegura o cumprimento rigoroso das \u201cnormas europeias e nacionais de prote\u00e7\u00e3o de dados pessoais, garantindo confidencialidade e a seguran\u00e7a da informa\u00e7\u00e3o\u201d.<\/p>\n","protected":false},"excerpt":{"rendered":"Pa\u00eds O Entry\/Exit System aplica-se a todos os viajantes de pa\u00edses terceiros, ou seja, n\u00e3o cidad\u00e3os da Uni\u00e3o&hellip;\n","protected":false},"author":2,"featured_media":105170,"comment_status":"","ping_status":"","sticky":false,"template":"","format":"standard","meta":{"footnotes":""},"categories":[50],"tags":[27,28,15,16,14,25,26,21,22,62,12,13,19,20,23,24,17,18,29,30,31,63,64,65],"class_list":{"0":"post-105169","1":"post","2":"type-post","3":"status-publish","4":"format-standard","5":"has-post-thumbnail","7":"category-mundo","8":"tag-breaking-news","9":"tag-breakingnews","10":"tag-featured-news","11":"tag-featurednews","12":"tag-headlines","13":"tag-latest-news","14":"tag-latestnews","15":"tag-main-news","16":"tag-mainnews","17":"tag-mundo","18":"tag-news","19":"tag-noticias","20":"tag-noticias-principais","21":"tag-noticiasprincipais","22":"tag-principais-noticias","23":"tag-principaisnoticias","24":"tag-top-stories","25":"tag-topstories","26":"tag-ultimas","27":"tag-ultimas-noticias","28":"tag-ultimasnoticias","29":"tag-world","30":"tag-world-news","31":"tag-worldnews"},"share_on_mastodon":{"url":"","error":""},"_links":{"self":[{"href":"https:\/\/www.europesays.com\/pt\/wp-json\/wp\/v2\/posts\/105169","targetHints":{"allow":["GET"]}}],"collection":[{"href":"https:\/\/www.europesays.com\/pt\/wp-json\/wp\/v2\/posts"}],"about":[{"href":"https:\/\/www.europesays.com\/pt\/wp-json\/wp\/v2\/types\/post"}],"author":[{"embeddable":true,"href":"https:\/\/www.europesays.com\/pt\/wp-json\/wp\/v2\/users\/2"}],"replies":[{"embeddable":true,"href":"https:\/\/www.europesays.com\/pt\/wp-json\/wp\/v2\/comments?post=105169"}],"version-history":[{"count":0,"href":"https:\/\/www.europesays.com\/pt\/wp-json\/wp\/v2\/posts\/105169\/revisions"}],"wp:featuredmedia":[{"embeddable":true,"href":"https:\/\/www.europesays.com\/pt\/wp-json\/wp\/v2\/media\/105170"}],"wp:attachment":[{"href":"https:\/\/www.europesays.com\/pt\/wp-json\/wp\/v2\/media?parent=105169"}],"wp:term":[{"taxonomy":"category","embeddable":true,"href":"https:\/\/www.europesays.com\/pt\/wp-json\/wp\/v2\/categories?post=105169"},{"taxonomy":"post_tag","embeddable":true,"href":"https:\/\/www.europesays.com\/pt\/wp-json\/wp\/v2\/tags?post=105169"}],"curies":[{"name":"wp","href":"https:\/\/api.w.org\/{rel}","templated":true}]}}