{"id":105171,"date":"2025-10-10T16:01:24","date_gmt":"2025-10-10T16:01:24","guid":{"rendered":"https:\/\/www.europesays.com\/pt\/105171\/"},"modified":"2025-10-10T16:01:24","modified_gmt":"2025-10-10T16:01:24","slug":"impedido-de-se-candidatar-e-acusado-de-corrupcao-newton-apareceu-em-cartazes-de-lisboa-foram-retirados-por-pressao-da-il","status":"publish","type":"post","link":"https:\/\/www.europesays.com\/pt\/105171\/","title":{"rendered":"Impedido de se candidatar e acusado de corrup\u00e7\u00e3o, Newton apareceu em cartazes de Lisboa: foram retirados por press\u00e3o da IL"},"content":{"rendered":"<p style=\"text-align: start;\"><strong>Lu\u00eds Newton, presidente da concelhia do PSD de Lisboa<\/strong>, foi acusado de cinco crimes de corrup\u00e7\u00e3o e outros tantos de prevarica\u00e7\u00e3o, no processo Tutti-Frutti. Por isso, a dire\u00e7\u00e3o nacional do PSD e Carlos Moedas impediram-no de entrar nas listas da coliga\u00e7\u00e3o Por Ti, Lisboa. No entanto, o dirigente social-democrata, que ainda \u00e9 o presidente da Junta de Freguesia da Estrela &#8211; no limite de mandatos &#8211; resolveu <strong>aparecer em pend\u00f5es eleitorais nos bairros da sua zona, ao lado do atual candidato \u00e0 sua substitui\u00e7\u00e3o<\/strong>.<\/p>\n<p><a href=\"https:\/\/expresso.pt\/subscrever?action=GEN&amp;channel=VID&amp;type=CAP&amp;source=WEB&amp;returnUrl=https:\/\/expresso.pt\/politica\/eleicoes\/autarquicas-2025\/2025-10-10-impedido-de-se-candidatar-e-acusado-de-corrupcao-newton-apareceu-em-cartazes-de-lisboa-foram-retirados-por-pressao-da-il-2789dc8e&amp;utm_source=expresso&amp;utm_medium=locked_article&amp;locked=true&amp;article_id=2b00654a-fa71-4df8-89ca-47cb05dc3bc1&amp;author_id=V\u00edtor+Matos&amp;category=Aut\u00e1rquicas+2025\" target=\"_self\" class=\"\" rel=\"nofollow noopener\">Subscrever<\/a>J\u00e1 \u00e9 Subscritor?Fa\u00e7a login e continue a ler<a href=\"http:\/\/expresso.pt\/codigo?redirectUrl=https:\/\/expresso.pt\/politica\/eleicoes\/autarquicas-2025\/2025-10-10-impedido-de-se-candidatar-e-acusado-de-corrupcao-newton-apareceu-em-cartazes-de-lisboa-foram-retirados-por-pressao-da-il-2789dc8e\" target=\"_self\" class=\"\" rel=\"nofollow noopener\">Inserir C\u00f3digo<\/a>Comprou o Expresso?Insira o c\u00f3digo presente na Revista E para continuar a ler<\/p>\n","protected":false},"excerpt":{"rendered":"Lu\u00eds Newton, presidente da concelhia do PSD de Lisboa, foi acusado de cinco crimes de corrup\u00e7\u00e3o e outros&hellip;\n","protected":false},"author":2,"featured_media":105172,"comment_status":"","ping_status":"","sticky":false,"template":"","format":"standard","meta":{"footnotes":""},"categories":[10],"tags":[27,28,15,16,14,25,26,21,22,12,13,19,20,32,23,24,33,17,18,29,30,31],"class_list":{"0":"post-105171","1":"post","2":"type-post","3":"status-publish","4":"format-standard","5":"has-post-thumbnail","7":"category-portugal","8":"tag-breaking-news","9":"tag-breakingnews","10":"tag-featured-news","11":"tag-featurednews","12":"tag-headlines","13":"tag-latest-news","14":"tag-latestnews","15":"tag-main-news","16":"tag-mainnews","17":"tag-news","18":"tag-noticias","19":"tag-noticias-principais","20":"tag-noticiasprincipais","21":"tag-portugal","22":"tag-principais-noticias","23":"tag-principaisnoticias","24":"tag-pt","25":"tag-top-stories","26":"tag-topstories","27":"tag-ultimas","28":"tag-ultimas-noticias","29":"tag-ultimasnoticias"},"share_on_mastodon":{"url":"","error":""},"_links":{"self":[{"href":"https:\/\/www.europesays.com\/pt\/wp-json\/wp\/v2\/posts\/105171","targetHints":{"allow":["GET"]}}],"collection":[{"href":"https:\/\/www.europesays.com\/pt\/wp-json\/wp\/v2\/posts"}],"about":[{"href":"https:\/\/www.europesays.com\/pt\/wp-json\/wp\/v2\/types\/post"}],"author":[{"embeddable":true,"href":"https:\/\/www.europesays.com\/pt\/wp-json\/wp\/v2\/users\/2"}],"replies":[{"embeddable":true,"href":"https:\/\/www.europesays.com\/pt\/wp-json\/wp\/v2\/comments?post=105171"}],"version-history":[{"count":0,"href":"https:\/\/www.europesays.com\/pt\/wp-json\/wp\/v2\/posts\/105171\/revisions"}],"wp:featuredmedia":[{"embeddable":true,"href":"https:\/\/www.europesays.com\/pt\/wp-json\/wp\/v2\/media\/105172"}],"wp:attachment":[{"href":"https:\/\/www.europesays.com\/pt\/wp-json\/wp\/v2\/media?parent=105171"}],"wp:term":[{"taxonomy":"category","embeddable":true,"href":"https:\/\/www.europesays.com\/pt\/wp-json\/wp\/v2\/categories?post=105171"},{"taxonomy":"post_tag","embeddable":true,"href":"https:\/\/www.europesays.com\/pt\/wp-json\/wp\/v2\/tags?post=105171"}],"curies":[{"name":"wp","href":"https:\/\/api.w.org\/{rel}","templated":true}]}}