{"id":105173,"date":"2025-10-10T16:02:40","date_gmt":"2025-10-10T16:02:40","guid":{"rendered":"https:\/\/www.europesays.com\/pt\/105173\/"},"modified":"2025-10-10T16:02:40","modified_gmt":"2025-10-10T16:02:40","slug":"contribuintes-da-classe-media-terao-um-alivio-menor-no-irs","status":"publish","type":"post","link":"https:\/\/www.europesays.com\/pt\/105173\/","title":{"rendered":"Contribuintes da classe m\u00e9dia ter\u00e3o um al\u00edvio menor no IRS"},"content":{"rendered":"<p>A classe m\u00e9dia, apesar de ter um al\u00edvio no IRS, \u00e9 a que menos sai favorecida com o corte de imposto anunciado pelo Governo na sua proposta de Or\u00e7amento do Estado para 2026 (OE 2026), entregue ontem pelo ministro das Finan\u00e7as, Miranda Sarmento, ao presidente da Assembleia da Rep\u00fablica, Jos\u00e9 Pedro Aguiar-Branco.<\/p>\n<p data-remotead-prev-elm=\"true\" data-remotead-elm-id=\"inread\">O documento confirma a atualiza\u00e7\u00e3o dos limites dos nove escal\u00f5es de rendimento do IRS em 3,51%, que decorre da lei e j\u00e1 se conhecia desde a semana passada e aplica uma redu\u00e7\u00e3o de 0,3% nas taxas marginais do segundo ao quinto escal\u00e3o. Uma promessa do Governo feita em julho, ap\u00f3s um acordo com o partido Chega.<\/p>\n<p>Acesso exclusivo a assinantes<\/p>\n<p>Acesso ilimitado a conte\u00fados exclusivos<\/p>\n<p>Navega\u00e7\u00e3o sem publicidade intrusiva<\/p>\n<p>Vers\u00e3o digital do jornal, suplementos e revistas<\/p>\n","protected":false},"excerpt":{"rendered":"A classe m\u00e9dia, apesar de ter um al\u00edvio no IRS, \u00e9 a que menos sai favorecida com o&hellip;\n","protected":false},"author":2,"featured_media":105174,"comment_status":"","ping_status":"","sticky":false,"template":"","format":"standard","meta":{"footnotes":""},"categories":[8],"tags":[27,28,15,16,14,2501,4306,25,26,21,22,619,12,13,19,20,18658,32,23,24,33,17,18,29,30,31],"class_list":{"0":"post-105173","1":"post","2":"type-post","3":"status-publish","4":"format-standard","5":"has-post-thumbnail","7":"category-principais-noticias","8":"tag-breaking-news","9":"tag-breakingnews","10":"tag-featured-news","11":"tag-featurednews","12":"tag-headlines","13":"tag-impostos","14":"tag-irs","15":"tag-latest-news","16":"tag-latestnews","17":"tag-main-news","18":"tag-mainnews","19":"tag-nacional","20":"tag-news","21":"tag-noticias","22":"tag-noticias-principais","23":"tag-noticiasprincipais","24":"tag-oe2026","25":"tag-portugal","26":"tag-principais-noticias","27":"tag-principaisnoticias","28":"tag-pt","29":"tag-top-stories","30":"tag-topstories","31":"tag-ultimas","32":"tag-ultimas-noticias","33":"tag-ultimasnoticias"},"share_on_mastodon":{"url":"","error":""},"_links":{"self":[{"href":"https:\/\/www.europesays.com\/pt\/wp-json\/wp\/v2\/posts\/105173","targetHints":{"allow":["GET"]}}],"collection":[{"href":"https:\/\/www.europesays.com\/pt\/wp-json\/wp\/v2\/posts"}],"about":[{"href":"https:\/\/www.europesays.com\/pt\/wp-json\/wp\/v2\/types\/post"}],"author":[{"embeddable":true,"href":"https:\/\/www.europesays.com\/pt\/wp-json\/wp\/v2\/users\/2"}],"replies":[{"embeddable":true,"href":"https:\/\/www.europesays.com\/pt\/wp-json\/wp\/v2\/comments?post=105173"}],"version-history":[{"count":0,"href":"https:\/\/www.europesays.com\/pt\/wp-json\/wp\/v2\/posts\/105173\/revisions"}],"wp:featuredmedia":[{"embeddable":true,"href":"https:\/\/www.europesays.com\/pt\/wp-json\/wp\/v2\/media\/105174"}],"wp:attachment":[{"href":"https:\/\/www.europesays.com\/pt\/wp-json\/wp\/v2\/media?parent=105173"}],"wp:term":[{"taxonomy":"category","embeddable":true,"href":"https:\/\/www.europesays.com\/pt\/wp-json\/wp\/v2\/categories?post=105173"},{"taxonomy":"post_tag","embeddable":true,"href":"https:\/\/www.europesays.com\/pt\/wp-json\/wp\/v2\/tags?post=105173"}],"curies":[{"name":"wp","href":"https:\/\/api.w.org\/{rel}","templated":true}]}}