{"id":105177,"date":"2025-10-10T16:06:14","date_gmt":"2025-10-10T16:06:14","guid":{"rendered":"https:\/\/www.europesays.com\/pt\/105177\/"},"modified":"2025-10-10T16:06:14","modified_gmt":"2025-10-10T16:06:14","slug":"na-vale-tudo-de-1988-fatima-explicou-ausencia-de-advogado-em-depoimento-entenda","status":"publish","type":"post","link":"https:\/\/www.europesays.com\/pt\/105177\/","title":{"rendered":"Na &#8216;Vale tudo&#8217; de 1988, F\u00e1tima explicou aus\u00eancia de advogado em depoimento; entenda"},"content":{"rendered":"\n<p class=\" content-text__container \" data-track-category=\"Link no Texto\" data-track-links=\"\"> Nesta reta final da trama, F\u00e1tima est\u00e1 tendo um caso com Marco Aur\u00e9lio (Reginaldo Faria) e morando na casa dele e de Leila, apiedada pelo fato de todos terem virado as costas para a vigarista. No cap\u00edtulo 195, o assistente do delegado, o detetive Veiga, vai at\u00e9 o apartamento do casal &#8220;convidar&#8221; a filha de Raquel a depor. &#8220;Isso \u00e9 apenas um convite, se a senhora n\u00e3o aceitar, pode se transformar em intima\u00e7\u00e3o&#8221;. <\/p>\n<ul class=\"content-unordered-list\">\n<li><strong>Quem matou Odete Roitman<\/strong>: <a class=\"\" href=\"https:\/\/oglobo.globo.com\/cultura\/noticia\/2025\/10\/10\/oab-se-manifesta-sobre-vale-tudo-apos-cenas-com-depoimentos-de-suspeitos-de-matar-odete-roitman.ghtml\" rel=\"nofollow noopener\" target=\"_blank\">OAB alerta suspeitos de morte de Odete Roitman ap\u00f3s depoimentos sem advogados<\/a><\/li>\n<li><strong>Suspeitos do passado<\/strong>: <a class=\"\" href=\"https:\/\/oglobo.globo.com\/cultura\/noticia\/2025\/10\/10\/quem-matou-odete-roitman-como-foram-os-depoimentos-de-cesar-fatima-heleninha-e-marco-aurelio-na-vale-tudo-de-1988.ghtml\" rel=\"nofollow noopener\" target=\"_blank\">como foram os depoimentos de C\u00e9sar, F\u00e1tima, Heleninha e Marco Aur\u00e9lio na &#8216;Vale tudo&#8217; de 1988?<\/a><\/li>\n<\/ul>\n<p class=\" content-text__container \" data-track-category=\"Link no Texto\" data-track-links=\"\"> Algumas cenas depois e na manh\u00e3 seguinte, ela chega \u00e0 delegacia e, assim que entra na sala do delegado, diz: <\/p>\n<p class=\" content-text__container \" data-track-category=\"Link no Texto\" data-track-links=\"\"> &#8220;Eu teria chamado um advogado para vir comigo, mas seu convito para depor foi t\u00e3o de repente&#8221;, diz a personagem de Gloria Pires. <\/p>\n<p class=\" content-text__container \" data-track-category=\"Link no Texto\" data-track-links=\"\"> &#8220;Mas advogado pra que, dona F\u00e1tima?&#8221;, pergunta o delegado. <\/p>\n<p class=\" content-text__container \" data-track-category=\"Link no Texto\" data-track-links=\"\"> &#8220;Estou aqui sob que condi\u00e7\u00e3o: o senhor me considera uma suspeita?&#8221; <\/p>\n<p class=\" content-text__container \" data-track-category=\"Link no Texto\" data-track-links=\"\"> &#8220;Digamos que eu a considere uma cidad\u00e3 que conhecia uma v\u00edtima de homic\u00eddio&#8221;. <\/p>\n<p class=\" content-text__container \" data-track-category=\"Link no Texto\" data-track-links=\"\"> O interrogat\u00f3rio come\u00e7a e ela ent\u00e3o conta que foi ao apartamento de Odete procurar C\u00e9sar, que n\u00e3o morava mais l\u00e1, mas estaria no apartamento porque Odete prometeu depositar dinheiro para ele. Como a milion\u00e1ria n\u00e3o cumpriu o combinado, e ex-amante estava cobrando essa d\u00edvida. <\/p>\n<p class=\" content-text__container \" data-track-category=\"Link no Texto\" data-track-links=\"\"> &#8220;Ele tinha uma chave do apartamento e resolveu ficar l\u00e1 esperando por ela. Eu estava tamb\u00e9m interessada nesse dinheiro. \u00ecamos come\u00e7ar uma vida nova com ele. Como Odete n\u00e3o estava l\u00e1, n\u00f3s sa\u00edmos juntos&#8221;, diz F\u00e1tima, garantindo que o porteiro n\u00e3o os viu saindo porque n\u00e3o estava na portaria naquele momento. &#8220;Acho que ele fica na portaria muito menos do que devia&#8221;. <\/p>\n","protected":false},"excerpt":{"rendered":"Nesta reta final da trama, F\u00e1tima est\u00e1 tendo um caso com Marco Aur\u00e9lio (Reginaldo Faria) e morando na&hellip;\n","protected":false},"author":2,"featured_media":105178,"comment_status":"","ping_status":"","sticky":false,"template":"","format":"standard","meta":{"footnotes":""},"categories":[142],"tags":[114,115,10407,32,33,151,2323,2154],"class_list":{"0":"post-105177","1":"post","2":"type-post","3":"status-publish","4":"format-standard","5":"has-post-thumbnail","7":"category-tv","8":"tag-entertainment","9":"tag-entretenimento","10":"tag-gloria-pires","11":"tag-portugal","12":"tag-pt","13":"tag-tv","14":"tag-tv-globo","15":"tag-vale-tudo"},"share_on_mastodon":{"url":"","error":""},"_links":{"self":[{"href":"https:\/\/www.europesays.com\/pt\/wp-json\/wp\/v2\/posts\/105177","targetHints":{"allow":["GET"]}}],"collection":[{"href":"https:\/\/www.europesays.com\/pt\/wp-json\/wp\/v2\/posts"}],"about":[{"href":"https:\/\/www.europesays.com\/pt\/wp-json\/wp\/v2\/types\/post"}],"author":[{"embeddable":true,"href":"https:\/\/www.europesays.com\/pt\/wp-json\/wp\/v2\/users\/2"}],"replies":[{"embeddable":true,"href":"https:\/\/www.europesays.com\/pt\/wp-json\/wp\/v2\/comments?post=105177"}],"version-history":[{"count":0,"href":"https:\/\/www.europesays.com\/pt\/wp-json\/wp\/v2\/posts\/105177\/revisions"}],"wp:featuredmedia":[{"embeddable":true,"href":"https:\/\/www.europesays.com\/pt\/wp-json\/wp\/v2\/media\/105178"}],"wp:attachment":[{"href":"https:\/\/www.europesays.com\/pt\/wp-json\/wp\/v2\/media?parent=105177"}],"wp:term":[{"taxonomy":"category","embeddable":true,"href":"https:\/\/www.europesays.com\/pt\/wp-json\/wp\/v2\/categories?post=105177"},{"taxonomy":"post_tag","embeddable":true,"href":"https:\/\/www.europesays.com\/pt\/wp-json\/wp\/v2\/tags?post=105177"}],"curies":[{"name":"wp","href":"https:\/\/api.w.org\/{rel}","templated":true}]}}