{"id":105180,"date":"2025-10-10T16:08:13","date_gmt":"2025-10-10T16:08:13","guid":{"rendered":"https:\/\/www.europesays.com\/pt\/105180\/"},"modified":"2025-10-10T16:08:13","modified_gmt":"2025-10-10T16:08:13","slug":"chris-pratt-precisa-provar-sua-inocencia-no-trailer-de-justica-artificial-novo-thriller-futurista","status":"publish","type":"post","link":"https:\/\/www.europesays.com\/pt\/105180\/","title":{"rendered":"Chris Pratt precisa provar sua inoc\u00eancia no trailer de &#8216;Justi\u00e7a Artificial&#8217;, novo thriller futurista"},"content":{"rendered":"<p>A <strong>Sony Pictures<\/strong> divulgou o primeiro trailer do suspense sci-fi \u2018<strong><a href=\"https:\/\/cinepop.com.br\/tag\/justica-artificial\/\" title=\"Justi\u00e7a Artificial\" rel=\"nofollow noopener\" target=\"_blank\">Justi\u00e7a Artificial<\/a><\/strong>\u2018 (<a href=\"https:\/\/cinepop.com.br\/tag\/mercy\/\" title=\"Mercy\" rel=\"nofollow noopener\" target=\"_blank\">Mercy<\/a>), estrelado por <strong><a href=\"https:\/\/cinepop.com.br\/tag\/rebecca-ferguson\/\" title=\"Rebecca Ferguson\" rel=\"nofollow noopener\" target=\"_blank\">Rebecca Ferguson<\/a><\/strong> e<strong> <a href=\"https:\/\/cinepop.com.br\/tag\/chris-pratt\/\" title=\"Chris Pratt\" rel=\"nofollow noopener\" target=\"_blank\">Chris Pratt<\/a><\/strong>.<\/p>\n<p>Confira e siga o <a href=\"https:\/\/www.youtube.com\/cinepop?sub_confirmation=1\" target=\"_blank\" rel=\"noopener nofollow\"><strong>CinePOP no Youtube<\/strong><\/a>:<\/p>\n<p>O longa ser\u00e1 lan\u00e7ado nos cinemas nacionais no <strong>dia 22 de janeiro de 2026<\/strong>.<\/p>\n<p>Com uma premissa inovadora, a produ\u00e7\u00e3o promete misturar uma narrativa tradicional com screenlife, t\u00e9cnica que ganhou popularidade atrav\u00e9s de \u2018<strong>Amizade Desfeita<\/strong>\u2018 e \u2018<strong>Buscando\u2026<\/strong>\u2018.<\/p>\n<p>Ambientada em um futuro pr\u00f3ximo durante um aumento alarmante de pena de morte, a trama seguir\u00e1 um detetive (<strong>Pratt<\/strong>) que \u00e9 acusado de um crime violento e \u00e9 for\u00e7ado a provar sua inoc\u00eancia.<\/p>\n<p><strong><a href=\"https:\/\/cinepop.com.br\/tag\/timur-bekmambetov\/\" title=\"Timur Bekmambetov\" rel=\"nofollow noopener\" target=\"_blank\">Timur Bekmambetov<\/a><\/strong> (\u2018O Procurado\u2019) \u00e9 respons\u00e1vel pela dire\u00e7\u00e3o.<\/p>\n<p>O elenco ainda conta com <strong><a href=\"https:\/\/cinepop.com.br\/tag\/kali-reis\/\" title=\"Kali Reis\" rel=\"nofollow noopener\" target=\"_blank\">Kali Reis<\/a><\/strong> (\u2018True Detective: Terra Noturna\u2019), <strong><a href=\"https:\/\/cinepop.com.br\/tag\/rafi-garon\/\" title=\"Rafi Garon\" rel=\"nofollow noopener\" target=\"_blank\">Rafi Garon<\/a><\/strong>,<strong> <a href=\"https:\/\/cinepop.com.br\/tag\/chris-sullivan\/\" title=\"Chris Sullivan\" rel=\"nofollow noopener\" target=\"_blank\">Chris Sullivan<\/a><\/strong>,<strong> <a href=\"https:\/\/cinepop.com.br\/tag\/kenneth-choi\/\" title=\"Kenneth Choi\" rel=\"nofollow noopener\" target=\"_blank\">Kenneth Choi<\/a><\/strong>\u00a0e <strong><a href=\"https:\/\/cinepop.com.br\/tag\/kylie-rogers\/\" title=\"Kylie Rogers\" rel=\"nofollow noopener\" target=\"_blank\">Kylie Rogers<\/a><\/strong>.<\/p>\n<p>O roteiro foi assinado por <strong><a href=\"https:\/\/cinepop.com.br\/tag\/marco-van-belle\/\" title=\"Marco van Belle\" rel=\"nofollow noopener\" target=\"_blank\">Marco van Belle<\/a><\/strong>.<\/p>\n","protected":false},"excerpt":{"rendered":"A Sony Pictures divulgou o primeiro trailer do suspense sci-fi \u2018Justi\u00e7a Artificial\u2018 (Mercy), estrelado por Rebecca Ferguson e&hellip;\n","protected":false},"author":2,"featured_media":105181,"comment_status":"","ping_status":"","sticky":false,"template":"","format":"standard","meta":{"footnotes":""},"categories":[140],"tags":[17024,22507,24750,114,115,147,148,24751,24752,19673,24753,24754,24755,146,32,33,24756,17110,24757],"class_list":{"0":"post-105180","1":"post","2":"type-post","3":"status-publish","4":"format-standard","5":"has-post-thumbnail","7":"category-filmes","8":"tag-amazon-mgm-studios","9":"tag-chris-pratt","10":"tag-chris-sullivan","11":"tag-entertainment","12":"tag-entretenimento","13":"tag-film","14":"tag-filmes","15":"tag-justica-artificial","16":"tag-kali-reis","17":"tag-kenneth-choi","18":"tag-kylie-rogers","19":"tag-marco-van-belle","20":"tag-mercy","21":"tag-movies","22":"tag-portugal","23":"tag-pt","24":"tag-rafi-garon","25":"tag-rebecca-ferguson","26":"tag-timur-bekmambetov"},"share_on_mastodon":{"url":"","error":""},"_links":{"self":[{"href":"https:\/\/www.europesays.com\/pt\/wp-json\/wp\/v2\/posts\/105180","targetHints":{"allow":["GET"]}}],"collection":[{"href":"https:\/\/www.europesays.com\/pt\/wp-json\/wp\/v2\/posts"}],"about":[{"href":"https:\/\/www.europesays.com\/pt\/wp-json\/wp\/v2\/types\/post"}],"author":[{"embeddable":true,"href":"https:\/\/www.europesays.com\/pt\/wp-json\/wp\/v2\/users\/2"}],"replies":[{"embeddable":true,"href":"https:\/\/www.europesays.com\/pt\/wp-json\/wp\/v2\/comments?post=105180"}],"version-history":[{"count":0,"href":"https:\/\/www.europesays.com\/pt\/wp-json\/wp\/v2\/posts\/105180\/revisions"}],"wp:featuredmedia":[{"embeddable":true,"href":"https:\/\/www.europesays.com\/pt\/wp-json\/wp\/v2\/media\/105181"}],"wp:attachment":[{"href":"https:\/\/www.europesays.com\/pt\/wp-json\/wp\/v2\/media?parent=105180"}],"wp:term":[{"taxonomy":"category","embeddable":true,"href":"https:\/\/www.europesays.com\/pt\/wp-json\/wp\/v2\/categories?post=105180"},{"taxonomy":"post_tag","embeddable":true,"href":"https:\/\/www.europesays.com\/pt\/wp-json\/wp\/v2\/tags?post=105180"}],"curies":[{"name":"wp","href":"https:\/\/api.w.org\/{rel}","templated":true}]}}