{"id":105182,"date":"2025-10-10T16:09:13","date_gmt":"2025-10-10T16:09:13","guid":{"rendered":"https:\/\/www.europesays.com\/pt\/105182\/"},"modified":"2025-10-10T16:09:13","modified_gmt":"2025-10-10T16:09:13","slug":"video-falhanco-de-pavlidis-erro-incrivel-do-guarda-redes-e-grecia-perde","status":"publish","type":"post","link":"https:\/\/www.europesays.com\/pt\/105182\/","title":{"rendered":"V\u00cdDEO: falhan\u00e7o de Pavlidis, erro incr\u00edvel do guarda-redes e Gr\u00e9cia perde"},"content":{"rendered":"<p>A Gr\u00e9cia, com Giorgios Vagiannidis (Sporting) e Vangelis Pavlidis (Benfica) a titulares, al\u00e9m de Fotis Ioannidis (Sporting) como suplente utilizado, perdeu por 3-1 na visita \u00e0 Esc\u00f3cia, na terceira jornada do grupo C da qualifica\u00e7\u00e3o europeia para o Mundial 2026, esta quinta-feira, complicando as contas pelo apuramento para o Mundial.<\/p>\n<p>A primeira parte n\u00e3o teve golos, mas ficou marcada por um falhan\u00e7o de Pavlidis, em frente \u00e0 baliza e j\u00e1 com o guarda-redes Angus Gunn fora do lance. O avan\u00e7ado grego, a cruzamento de Christos Tzolis, falhou o desvio e manteve-se o 0-0.<\/p>\n<p>Na segunda parte, a Gr\u00e9cia, que estava melhor no jogo, chegou \u00e0 vantagem por Kostas Tsimikas, com um remate de p\u00e9 direito na \u00e1rea, aos 62 minutos.<\/p>\n<p>O jogo corria bem para os visitantes, at\u00e9 que o empate da Esc\u00f3cia, apontado dois minutos depois por Ryan Christie, catapultou a sele\u00e7\u00e3o da casa para a vit\u00f3ria.<\/p>\n<p>Ao minuto 80, ap\u00f3s um livre de Andy Robertson para a \u00e1rea, a defensiva grega n\u00e3o conseguiu o corte e Lewis Ferguson finalizou para o 2-1 no marcador, j\u00e1 com Ioannidis em campo e Pavlidis substitu\u00eddo ao minuto 72.<\/p>\n<p>J\u00e1 em tempo de compensa\u00e7\u00e3o, um erro monumental do guarda-redes Kostas Tzolakis permitiu a Lyndon Dykes fazer o 3-1 para os escoceses (90+3m).<\/p>\n<p>Com este resultado, al\u00e9m da <a href=\"https:\/\/maisfutebol.iol.pt\/internacional\/victor-froholdt\/video-froholdt-estreia-se-a-marcar-e-assiste-na-goleada-da-dinamarca\" target=\"_blank\" rel=\"nofollow noopener\"><strong>goleada da Dinamarca ante a Bielorr\u00fassia (6-0) \u2013 com Froholdt em destaque<\/strong><\/a> \u2013 a Dinamarca segue na lideran\u00e7a do grupo, com sete pontos, os mesmos da Esc\u00f3cia. A Gr\u00e9cia est\u00e1 no terceiro lugar com tr\u00eas pontos e a Bielorr\u00fassia em quarto e \u00faltimo, ainda sem pontos.<\/p>\n<p><strong>J\u00e1 segue o\u00a0<a href=\"http:\/\/whatsapp.com\/channel\/0029Va9lGKPGOj9nW79Pd117\" title=\"http:\/\/whatsapp.com\/channel\/0029Va9lGKPGOj9nW79Pd117\" rel=\"nofollow noopener\" target=\"_blank\">canal de Whatsapp do Maisfutebol<\/a>?<\/strong>\u00a0<\/p>\n","protected":false},"excerpt":{"rendered":"A Gr\u00e9cia, com Giorgios Vagiannidis (Sporting) e Vangelis Pavlidis (Benfica) a titulares, al\u00e9m de Fotis Ioannidis (Sporting) como&hellip;\n","protected":false},"author":2,"featured_media":105183,"comment_status":"","ping_status":"","sticky":false,"template":"","format":"standard","meta":{"footnotes":""},"categories":[87],"tags":[24451,51,135,1833,12942,25313,4234,82,46,12632,7931,32,33,47,5434,134,262],"class_list":{"0":"post-105182","1":"post","2":"type-post","3":"status-publish","4":"format-standard","5":"has-post-thumbnail","7":"category-desporto","8":"tag-apuramento-mundial-2026","9":"tag-benfica","10":"tag-desporto","11":"tag-escocia","12":"tag-fotis-ioannidis","13":"tag-giorgios-vagiannidis","14":"tag-grecia","15":"tag-internacional","16":"tag-maisfutebol","17":"tag-mundial-2026","18":"tag-pavlidis","19":"tag-portugal","20":"tag-pt","21":"tag-pura-paixao","22":"tag-resultados-hoje","23":"tag-sports","24":"tag-vangelis-pavlidis"},"share_on_mastodon":{"url":"","error":""},"_links":{"self":[{"href":"https:\/\/www.europesays.com\/pt\/wp-json\/wp\/v2\/posts\/105182","targetHints":{"allow":["GET"]}}],"collection":[{"href":"https:\/\/www.europesays.com\/pt\/wp-json\/wp\/v2\/posts"}],"about":[{"href":"https:\/\/www.europesays.com\/pt\/wp-json\/wp\/v2\/types\/post"}],"author":[{"embeddable":true,"href":"https:\/\/www.europesays.com\/pt\/wp-json\/wp\/v2\/users\/2"}],"replies":[{"embeddable":true,"href":"https:\/\/www.europesays.com\/pt\/wp-json\/wp\/v2\/comments?post=105182"}],"version-history":[{"count":0,"href":"https:\/\/www.europesays.com\/pt\/wp-json\/wp\/v2\/posts\/105182\/revisions"}],"wp:featuredmedia":[{"embeddable":true,"href":"https:\/\/www.europesays.com\/pt\/wp-json\/wp\/v2\/media\/105183"}],"wp:attachment":[{"href":"https:\/\/www.europesays.com\/pt\/wp-json\/wp\/v2\/media?parent=105182"}],"wp:term":[{"taxonomy":"category","embeddable":true,"href":"https:\/\/www.europesays.com\/pt\/wp-json\/wp\/v2\/categories?post=105182"},{"taxonomy":"post_tag","embeddable":true,"href":"https:\/\/www.europesays.com\/pt\/wp-json\/wp\/v2\/tags?post=105182"}],"curies":[{"name":"wp","href":"https:\/\/api.w.org\/{rel}","templated":true}]}}