{"id":105186,"date":"2025-10-10T16:14:08","date_gmt":"2025-10-10T16:14:08","guid":{"rendered":"https:\/\/www.europesays.com\/pt\/105186\/"},"modified":"2025-10-10T16:14:08","modified_gmt":"2025-10-10T16:14:08","slug":"nobel-da-paz-deveria-ser-para-trump-nao-sou-eu-quem-decide-mas","status":"publish","type":"post","link":"https:\/\/www.europesays.com\/pt\/105186\/","title":{"rendered":"Nobel da Paz deveria ser para Trump? &#8220;N\u00e3o sou eu quem decide, mas&#8230;&#8221;"},"content":{"rendered":"<p>&#8220;N\u00e3o sou eu quem decide se o atual Presidente dos Estados Unidos merece ou n\u00e3o o Pr\u00e9mio Nobel, mas Trump est\u00e1 realmente a fazer muito para resolver crises que duram h\u00e1 d\u00e9cadas&#8221;, disse Vladimir Putin, em confer\u00eancia de imprensa em Duchamb\u00e9, capital do Tajiquist\u00e3o.<\/p>\n<p>O l\u00edder russo admitiu\u00a0que o hom\u00f3logo norte-americano &#8220;se esfor\u00e7a e trabalha em quest\u00f5es de paz e de resolu\u00e7\u00e3o de situa\u00e7\u00f5es internacionais complexas&#8221;, apontando o M\u00e9dio Oriente como &#8220;o exemplo mais claro&#8221;.<\/p>\n<p>Putin acrescentou que, ao longo da hist\u00f3ria, &#8220;houve casos em que o Comit\u00e9 [do Nobel Noruegu\u00eas] atribuiu o Pr\u00e9mio Nobel da Paz a pessoas que nada fizeram pela paz&#8221;, o que ter\u00e1\u00a0&#8220;prejudicado\u00a0o prest\u00edgio do pr\u00e9mio&#8221;.<\/p>\n<p>                                                    <img decoding=\"async\" src=\"https:\/\/www.europesays.com\/pt\/wp-content\/uploads\/2025\/10\/naom_687d67d675a0c.jpg\" border=\"0\" alt=\"\"\/><\/p>\n<p>O primeiro-ministro israelita, Benjamin Netanyahu, lamentou hoje que o Presidente norte-americano, Donald Trump, n\u00e3o tenha recebido o Pr\u00e9mio Nobel da Paz, para o qual foi nomeado e que acredita ser merecido.<\/p>\n<p>                                                     Lusa | 15:33 &#8211; 10\/10\/2025 <\/p>\n<p>O chefe de Estado russo comentou\u00a0ainda que, se o plano de paz para Gaza proposto por Trump for plenamente aplicado, &#8220;ser\u00e1 um acontecimento hist\u00f3rico&#8221; e uma conquista digna de reconhecimento mundial.<\/p>\n<p>Leia Tamb\u00e9m: <a href=\"https:\/\/www.noticiasaominuto.com\/pais\/2868420\/marcelo-sauda-decisao-do-nobel-da-paz-e-estranha-reacao-dos-eua\" target=\"_blank\" rel=\"noopener noreferrer nofollow\">Marcelo sa\u00fada decis\u00e3o do Nobel da Paz e estranha rea\u00e7\u00e3o dos EUA<\/a><\/p>\n","protected":false},"excerpt":{"rendered":"&#8220;N\u00e3o sou eu quem decide se o atual Presidente dos Estados Unidos merece ou n\u00e3o o Pr\u00e9mio Nobel,&hellip;\n","protected":false},"author":2,"featured_media":105187,"comment_status":"","ping_status":"","sticky":false,"template":"","format":"standard","meta":{"footnotes":""},"categories":[50],"tags":[27,28,15,16,14,25,26,21,22,62,12,13,19,20,23,24,17,18,29,30,31,63,64,65],"class_list":{"0":"post-105186","1":"post","2":"type-post","3":"status-publish","4":"format-standard","5":"has-post-thumbnail","7":"category-mundo","8":"tag-breaking-news","9":"tag-breakingnews","10":"tag-featured-news","11":"tag-featurednews","12":"tag-headlines","13":"tag-latest-news","14":"tag-latestnews","15":"tag-main-news","16":"tag-mainnews","17":"tag-mundo","18":"tag-news","19":"tag-noticias","20":"tag-noticias-principais","21":"tag-noticiasprincipais","22":"tag-principais-noticias","23":"tag-principaisnoticias","24":"tag-top-stories","25":"tag-topstories","26":"tag-ultimas","27":"tag-ultimas-noticias","28":"tag-ultimasnoticias","29":"tag-world","30":"tag-world-news","31":"tag-worldnews"},"share_on_mastodon":{"url":"","error":""},"_links":{"self":[{"href":"https:\/\/www.europesays.com\/pt\/wp-json\/wp\/v2\/posts\/105186","targetHints":{"allow":["GET"]}}],"collection":[{"href":"https:\/\/www.europesays.com\/pt\/wp-json\/wp\/v2\/posts"}],"about":[{"href":"https:\/\/www.europesays.com\/pt\/wp-json\/wp\/v2\/types\/post"}],"author":[{"embeddable":true,"href":"https:\/\/www.europesays.com\/pt\/wp-json\/wp\/v2\/users\/2"}],"replies":[{"embeddable":true,"href":"https:\/\/www.europesays.com\/pt\/wp-json\/wp\/v2\/comments?post=105186"}],"version-history":[{"count":0,"href":"https:\/\/www.europesays.com\/pt\/wp-json\/wp\/v2\/posts\/105186\/revisions"}],"wp:featuredmedia":[{"embeddable":true,"href":"https:\/\/www.europesays.com\/pt\/wp-json\/wp\/v2\/media\/105187"}],"wp:attachment":[{"href":"https:\/\/www.europesays.com\/pt\/wp-json\/wp\/v2\/media?parent=105186"}],"wp:term":[{"taxonomy":"category","embeddable":true,"href":"https:\/\/www.europesays.com\/pt\/wp-json\/wp\/v2\/categories?post=105186"},{"taxonomy":"post_tag","embeddable":true,"href":"https:\/\/www.europesays.com\/pt\/wp-json\/wp\/v2\/tags?post=105186"}],"curies":[{"name":"wp","href":"https:\/\/api.w.org\/{rel}","templated":true}]}}