{"id":105188,"date":"2025-10-10T16:15:08","date_gmt":"2025-10-10T16:15:08","guid":{"rendered":"https:\/\/www.europesays.com\/pt\/105188\/"},"modified":"2025-10-10T16:15:08","modified_gmt":"2025-10-10T16:15:08","slug":"estudantes-marcham-em-lisboa-pelo-fim-dos-combustiveis-fosseis-e-lancam-ultimato-ao-governo","status":"publish","type":"post","link":"https:\/\/www.europesays.com\/pt\/105188\/","title":{"rendered":"Estudantes marcham em Lisboa pelo fim dos combust\u00edveis f\u00f3sseis e lan\u00e7am ultimato ao Governo"},"content":{"rendered":"<p><strong>Acompanhe toda a atualidade informativa em\u00a0<a href=\"http:\/\/24noticias.sapo.pt\/\" rel=\"nofollow noopener\" target=\"_blank\">24noticias.sapo.pt<\/a><\/strong><\/p>\n<p>Os estudantes deram ao Governo at\u00e9 novembro para apresentar o referido plano, sob pena de avan\u00e7arem com paralisa\u00e7\u00f5es nas escolas. A pr\u00f3xima manifesta\u00e7\u00e3o ficou marcada para 22 de novembro, tamb\u00e9m em Lisboa.<\/p>\n<p>A a\u00e7\u00e3o \u00e9 descrita pelos organizadores como \u201cum ultimato ao Governo\u201d, ap\u00f3s a entrega, no ano passado, de uma carta assinada por mais de 1800 estudantes, que exigia o fim dos combust\u00edveis f\u00f3sseis at\u00e9 2030. A carta alerta que, caso a exig\u00eancia n\u00e3o seja cumprida, os alunos \u201cv\u00e3o parar as suas escolas em protesto\u201d.<\/p>\n<p>Durante a marcha, os participantes entoaram palavras de ordem pelo \u201cFim ao F\u00f3ssil at\u00e9 2030\u201d. No final do protesto, uma assembleia com cerca de 170 participantes encerrou a jornada e confirmou o calend\u00e1rio de mobiliza\u00e7\u00f5es.<\/p>\n<p>Catarina Bio, estudante de Direito, afirmou que \u201ca ci\u00eancia \u00e9 clara: o uso e explora\u00e7\u00e3o de combust\u00edveis f\u00f3sseis est\u00e1 a destruir as condi\u00e7\u00f5es que permitem a vida no planeta\u201d. Para a jovem, ao n\u00e3o apresentar um plano compat\u00edvel com as metas cient\u00edficas, \u201co Governo vende o nosso futuro \u00e0 ind\u00fastria f\u00f3ssil\u201d.<\/p>\n<p>J\u00e1 Leonor Chic\u00f3, estudante de Antropologia, lembrou que &#8220;desde greves clim\u00e1ticas estudantis e ocupa\u00e7\u00f5es de escolas \u00e0s dezenas de protestos perante pol\u00edticos, nada foi suficiente para sermos ouvidos&#8221;. A estudante refor\u00e7ou que esta mobiliza\u00e7\u00e3o \u00e9 \u201co \u00faltimo aviso\u201d e que, caso nada mude, os alunos v\u00e3o parar as escolas na semana de 17 a 22 de novembro, \u201ccomo demonstra\u00e7\u00e3o da for\u00e7a estudantil\u201d.<\/p>\n<p>Catarina Bio acrescentou ainda que, &#8220;depois deste ver\u00e3o, em que a intensifica\u00e7\u00e3o da crise clim\u00e1tica se manifestou em Portugal com milhares de mortos devido ao calor extremo e com a maior \u00e1rea ardida no nosso territ\u00f3rio, cabe tamb\u00e9m \u00e0 sociedade inteira tomar uma decis\u00e3o: unir-se em apoio \u00e0 reivindica\u00e7\u00e3o de Fim ao F\u00f3ssil at\u00e9 2030 ou ser c\u00famplice na condena\u00e7\u00e3o de todas as gera\u00e7\u00f5es vivas a um mundo inabit\u00e1vel&#8221;.<\/p>\n<p>__<br \/><b id=\"s-b-embed-9223372036854775807\" data-stringify-type=\"bold\">A sua newsletter de sempre, agora ainda mais \u00fatil<\/b><\/p>\n<p>Com o lan\u00e7amento da nova marca de informa\u00e7\u00e3o\u00a0<b>24not\u00edcias<\/b>, estamos a mudar a plataforma de newsletters, aproveitando para refor\u00e7ar a informa\u00e7\u00e3o que os leitores mais valorizam:\u00a0<b>a que lhes \u00e9 \u00fatil, ajuda a tomar decis\u00f5es e a entender o mundo.<\/b><\/p>\n<p><b>Assine a nova newsletter do 24not\u00edcias\u00a0<\/b><b><a href=\"https:\/\/sapo.us1.list-manage.com\/subscribe?u=8f49263740b14ab5854be8045&amp;id=57a39c5e8f\" target=\"_blank\" id=\"s-a-embed-9223372036854775807\" rel=\"noreferrer noopener nofollow\" data-stringify-link=\"https:\/\/sapo.us1.list-manage.com\/subscribe?u=8f49263740b14ab5854be8045&amp;id=57a39c5e8f\" data-sk=\"tooltip_parent\">aqui<\/a><\/b><b>.<\/b><\/p>\n","protected":false},"excerpt":{"rendered":"Acompanhe toda a atualidade informativa em\u00a024noticias.sapo.pt Os estudantes deram ao Governo at\u00e9 novembro para apresentar o referido plano,&hellip;\n","protected":false},"author":2,"featured_media":105189,"comment_status":"","ping_status":"","sticky":false,"template":"","format":"standard","meta":{"footnotes":""},"categories":[10],"tags":[27,28,15,16,14,25,26,21,22,12,13,19,20,32,23,24,33,17,18,29,30,31],"class_list":{"0":"post-105188","1":"post","2":"type-post","3":"status-publish","4":"format-standard","5":"has-post-thumbnail","7":"category-portugal","8":"tag-breaking-news","9":"tag-breakingnews","10":"tag-featured-news","11":"tag-featurednews","12":"tag-headlines","13":"tag-latest-news","14":"tag-latestnews","15":"tag-main-news","16":"tag-mainnews","17":"tag-news","18":"tag-noticias","19":"tag-noticias-principais","20":"tag-noticiasprincipais","21":"tag-portugal","22":"tag-principais-noticias","23":"tag-principaisnoticias","24":"tag-pt","25":"tag-top-stories","26":"tag-topstories","27":"tag-ultimas","28":"tag-ultimas-noticias","29":"tag-ultimasnoticias"},"share_on_mastodon":{"url":"","error":""},"_links":{"self":[{"href":"https:\/\/www.europesays.com\/pt\/wp-json\/wp\/v2\/posts\/105188","targetHints":{"allow":["GET"]}}],"collection":[{"href":"https:\/\/www.europesays.com\/pt\/wp-json\/wp\/v2\/posts"}],"about":[{"href":"https:\/\/www.europesays.com\/pt\/wp-json\/wp\/v2\/types\/post"}],"author":[{"embeddable":true,"href":"https:\/\/www.europesays.com\/pt\/wp-json\/wp\/v2\/users\/2"}],"replies":[{"embeddable":true,"href":"https:\/\/www.europesays.com\/pt\/wp-json\/wp\/v2\/comments?post=105188"}],"version-history":[{"count":0,"href":"https:\/\/www.europesays.com\/pt\/wp-json\/wp\/v2\/posts\/105188\/revisions"}],"wp:featuredmedia":[{"embeddable":true,"href":"https:\/\/www.europesays.com\/pt\/wp-json\/wp\/v2\/media\/105189"}],"wp:attachment":[{"href":"https:\/\/www.europesays.com\/pt\/wp-json\/wp\/v2\/media?parent=105188"}],"wp:term":[{"taxonomy":"category","embeddable":true,"href":"https:\/\/www.europesays.com\/pt\/wp-json\/wp\/v2\/categories?post=105188"},{"taxonomy":"post_tag","embeddable":true,"href":"https:\/\/www.europesays.com\/pt\/wp-json\/wp\/v2\/tags?post=105188"}],"curies":[{"name":"wp","href":"https:\/\/api.w.org\/{rel}","templated":true}]}}