{"id":105209,"date":"2025-10-10T16:34:13","date_gmt":"2025-10-10T16:34:13","guid":{"rendered":"https:\/\/www.europesays.com\/pt\/105209\/"},"modified":"2025-10-10T16:34:13","modified_gmt":"2025-10-10T16:34:13","slug":"falsos-policias-roubam-barras-de-prata-avaliadas-em-100-mil-euros-em-gondomar","status":"publish","type":"post","link":"https:\/\/www.europesays.com\/pt\/105209\/","title":{"rendered":"Falsos pol\u00edcias roubam barras de prata avaliadas em 100 mil euros em Gondomar"},"content":{"rendered":"<p>Segundo apurou o JN junto de fonte da PSP do Porto, a v\u00edtima foi surpreendida quando chegava a casa, pelas 9 horas, ap\u00f3s uma ida a Lisboa para ir buscar uma d\u00fazia de barras de prata que valeriam &#8220;para cima de 100 mil euros&#8221;.<\/p>\n<p data-remotead-prev-elm=\"true\" data-remotead-elm-id=\"inread\">\u00c0 PSP, o homem, que atuar\u00e1 como intermedi\u00e1rio na \u00e1rea dos metais preciosos, contou que foi abordado pelos dois homens, que usavam coletes onde se lia a palavra &#8220;Pol\u00edcia&#8221;, e foi roubado, sem, no entanto, ter ficado ferido.<\/p>\n<p>Os vizinhos n\u00e3o viram movimenta\u00e7\u00f5es estranhas e s\u00f3 se aperceberam do que havia acontecido quando os meios da PSP chegaram ao local.<\/p>\n<p data-remotead-prev-elm=\"true\" data-remotead-elm-id=\"centro1\">O caso dever\u00e1 passar para a al\u00e7ada da Pol\u00edcia Judici\u00e1ria.<\/p>\n","protected":false},"excerpt":{"rendered":"Segundo apurou o JN junto de fonte da PSP do Porto, a v\u00edtima foi surpreendida quando chegava a&hellip;\n","protected":false},"author":2,"featured_media":100005,"comment_status":"","ping_status":"","sticky":false,"template":"","format":"standard","meta":{"footnotes":""},"categories":[10],"tags":[2446,27,28,15,16,5594,14,603,25,26,21,22,12,13,19,20,32,23,24,1306,33,17,18,29,30,31],"class_list":{"0":"post-105209","1":"post","2":"type-post","3":"status-publish","4":"format-standard","5":"has-post-thumbnail","7":"category-portugal","8":"tag-assalto","9":"tag-breaking-news","10":"tag-breakingnews","11":"tag-featured-news","12":"tag-featurednews","13":"tag-gondomar","14":"tag-headlines","15":"tag-justica","16":"tag-latest-news","17":"tag-latestnews","18":"tag-main-news","19":"tag-mainnews","20":"tag-news","21":"tag-noticias","22":"tag-noticias-principais","23":"tag-noticiasprincipais","24":"tag-portugal","25":"tag-principais-noticias","26":"tag-principaisnoticias","27":"tag-psp","28":"tag-pt","29":"tag-top-stories","30":"tag-topstories","31":"tag-ultimas","32":"tag-ultimas-noticias","33":"tag-ultimasnoticias"},"share_on_mastodon":{"url":"","error":""},"_links":{"self":[{"href":"https:\/\/www.europesays.com\/pt\/wp-json\/wp\/v2\/posts\/105209","targetHints":{"allow":["GET"]}}],"collection":[{"href":"https:\/\/www.europesays.com\/pt\/wp-json\/wp\/v2\/posts"}],"about":[{"href":"https:\/\/www.europesays.com\/pt\/wp-json\/wp\/v2\/types\/post"}],"author":[{"embeddable":true,"href":"https:\/\/www.europesays.com\/pt\/wp-json\/wp\/v2\/users\/2"}],"replies":[{"embeddable":true,"href":"https:\/\/www.europesays.com\/pt\/wp-json\/wp\/v2\/comments?post=105209"}],"version-history":[{"count":0,"href":"https:\/\/www.europesays.com\/pt\/wp-json\/wp\/v2\/posts\/105209\/revisions"}],"wp:featuredmedia":[{"embeddable":true,"href":"https:\/\/www.europesays.com\/pt\/wp-json\/wp\/v2\/media\/100005"}],"wp:attachment":[{"href":"https:\/\/www.europesays.com\/pt\/wp-json\/wp\/v2\/media?parent=105209"}],"wp:term":[{"taxonomy":"category","embeddable":true,"href":"https:\/\/www.europesays.com\/pt\/wp-json\/wp\/v2\/categories?post=105209"},{"taxonomy":"post_tag","embeddable":true,"href":"https:\/\/www.europesays.com\/pt\/wp-json\/wp\/v2\/tags?post=105209"}],"curies":[{"name":"wp","href":"https:\/\/api.w.org\/{rel}","templated":true}]}}