{"id":105228,"date":"2025-10-10T16:51:12","date_gmt":"2025-10-10T16:51:12","guid":{"rendered":"https:\/\/www.europesays.com\/pt\/105228\/"},"modified":"2025-10-10T16:51:12","modified_gmt":"2025-10-10T16:51:12","slug":"liberdade-religiosa-e-essencial-nao-privilegio-afirma-o-papa","status":"publish","type":"post","link":"https:\/\/www.europesays.com\/pt\/105228\/","title":{"rendered":"&#8220;Liberdade religiosa \u00e9 essencial, n\u00e3o privil\u00e9gio&#8221;, afirma o Papa"},"content":{"rendered":"<p>Nos dias que antecedem a publica\u00e7\u00e3o do Relat\u00f3rio Anual sobre a Liberdade Religiosa no Mundo, Le\u00e3o XIV recebeu em audi\u00eancia no Vaticano os membros da organiza\u00e7\u00e3o internacional Ajuda \u00e0 Igreja que Sofre.<\/p>\n<p><b>Bianca Fraccalvieri &#8211; Vatican News<\/b><\/p>\n<p>O tema da liberdade religiosa esteve no centro do discurso do Papa aos membros de Ajuda \u00e0 Igreja que Sofre (AIS) Internacional. A audi\u00eancia na manh\u00e3 desta sexta-feira (10.10) antecede a publica\u00e7\u00e3o do relat\u00f3rio anual da organiza\u00e7\u00e3o, programado para o dia 21 de outubro, na presen\u00e7a do secret\u00e1rio de Estado, card. Pietro Parolin. Este documento, disse o Santo Padre,\u00a0 tem sido um poderoso instrumento de sensibiliza\u00e7\u00e3o, pois faz mais do que fornecer informa\u00e7\u00f5es, mas revela o sofrimento oculto de muitas comunidades.<\/p>\n<p>Assim, Le\u00e3o definiu oportuna a visita desta manh\u00e3, &#8220;pois nosso mundo continua testemunhando uma crescente hostilidade e viol\u00eancia contra aqueles que t\u00eam convic\u00e7\u00f5es diferentes, incluindo muitos crist\u00e3os&#8221;.<\/p>\n<p>Em contrapartida, o trabalho de AIS \u00e9 n\u00e3o abandonar os perseguidos, inspirado nas palavras de S\u00e3o Paulo: \u201cSe um membro sofre, todos sofrem juntos\u201d (1 Cor 12, 26). &#8220;Estas palavras ecoam hoje nos nossos cora\u00e7\u00f5es, pois o sofrimento de qualquer membro do Corpo de Cristo \u00e9 partilhado por toda a Igreja.&#8221;<\/p>\n<blockquote>\n<p>\u201cTodo ser humano carrega em seu cora\u00e7\u00e3o um profundo anseio pela verdade, pelo sentido e pela comunh\u00e3o com os outros e com Deus. Esse anseio surge das profundezas do nosso ser. Por essa raz\u00e3o, o direito \u00e0 liberdade religiosa n\u00e3o \u00e9 opcional, mas essencial.\u201d<\/p>\n<\/blockquote>\n<p>A liberdade religiosa n\u00e3o \u00e9 privil\u00e9gio, \u00e9 condi\u00e7\u00e3o fundamental para a reconcilia\u00e7\u00e3o <\/p>\n<p>A liberdade religiosa, prosseguiu o Santo Padre, \u00e9 uma pedra angular de qualquer sociedade justa, pois salvaguarda o espa\u00e7o moral no qual a consci\u00eancia pode ser formada e exercida. Assim,\u00a0n\u00e3o \u00e9 apenas um direito legal ou um privil\u00e9gio concedido pelos governos; \u00e9 uma condi\u00e7\u00e3o fundamental que torna poss\u00edvel a reconcilia\u00e7\u00e3o aut\u00eantica.<\/p>\n<p>Quando essa liberdade \u00e9 negada, a pessoa humana \u00e9 privada da capacidade de responder livremente ao chamado da verdade. O que se segue \u00e9 a lenta desintegra\u00e7\u00e3o dos la\u00e7os \u00e9ticos e espirituais que sustentam as comunidades. &#8220;A confian\u00e7a d\u00e1 lugar ao medo, a suspeita substitui o di\u00e1logo e a opress\u00e3o gera viol\u00eancia&#8221;, disse o Papa.\u00a0<\/p>\n<p>O Santo Padre recordou que a Igreja Cat\u00f3lica sempre defendeu a liberdade religiosa. O Conc\u00edlio Vaticano II, na Dignitatis Humanae, declarou que este direito deve ser reconhecido na vida jur\u00eddica e institucional de cada na\u00e7\u00e3o. Portanto, n\u00e3o pode permanecer abstrato; deve ser vivido, protegido e promovido na vida cotidiana dos indiv\u00edduos e das comunidades.<\/p>\n<p>    <img decoding=\"async\" src=\"data:image\/gif;base64,R0lGODlhAQABAIAAAAAAAP\/\/\/yH5BAEAAAAALAAAAAABAAEAAAIBRAA7\" data-original=\"https:\/\/www.vaticannews.va\/content\/dam\/vaticannews\/agenzie\/images\/srv\/2025\/10\/10\/2025-10-10-delegazione-della-fondazione-aiuto-alla-chiesa-che-so\/1760092591704.JPG\/_jcr_content\/renditions\/cq5dam.thumbnail.cropped.750.422.jpeg\" alt=\"A foto de grupo com o Papa Le\u00e3o\" title=\"A foto de grupo com o Papa Le\u00e3o\"\/><\/p>\n<p>\n   A foto de grupo com o Papa Le\u00e3o \u00a0 (@VATICAN MEDIA)\n  <\/p>\n<p>Foi com este intuito que nasceu Ajuda \u00e0 Igreja que Sofre em 1947, em resposta ao sofrimento deixado pela guerra. A sua miss\u00e3o \u00e9 promover o perd\u00e3o e a reconcilia\u00e7\u00e3o, acompanhar e dar voz \u00e0 Igreja onde quer que ela esteja amea\u00e7ada.\u00a0<\/p>\n<p>O Pont\u00edfice citou a experi\u00eancia em pa\u00edses como Rep\u00fablica Centro-Africana, Burkina Faso e Mo\u00e7ambique, onde a Igreja local, muitas vezes sustentada pelos projetos de AIS, torna-se um sinal vivo de harmonia social e fraternidade, mostrando que um mundo diferente \u00e9 poss\u00edvel.\u00a0E as muitas miss\u00f5es no Peru, incluindo na Diocese de Chiclayo, &#8220;onde tive o privil\u00e9gio de servir&#8221;, acrescentou.<\/p>\n<p>Le\u00e3o XIV concluiu agradecendo \u00e0 organiza\u00e7\u00e3o por este trabalho de solidariedade e exortou: &#8220;N\u00e3o se cansem de fazer o bem, pois o seu servi\u00e7o d\u00e1 frutos em in\u00fameras vidas e d\u00e1 gl\u00f3ria ao nosso Pai que est\u00e1 nos c\u00e9us&#8221;.<\/p>\n","protected":false},"excerpt":{"rendered":"Nos dias que antecedem a publica\u00e7\u00e3o do Relat\u00f3rio Anual sobre a Liberdade Religiosa no Mundo, Le\u00e3o XIV recebeu&hellip;\n","protected":false},"author":2,"featured_media":105229,"comment_status":"","ping_status":"","sticky":false,"template":"","format":"standard","meta":{"footnotes":""},"categories":[50],"tags":[27,28,17712,15,16,14,25,26,21761,21,22,62,12,13,19,20,811,23,24,17,18,29,30,31,63,64,65],"class_list":{"0":"post-105228","1":"post","2":"type-post","3":"status-publish","4":"format-standard","5":"has-post-thumbnail","7":"category-mundo","8":"tag-breaking-news","9":"tag-breakingnews","10":"tag-cristaos","11":"tag-featured-news","12":"tag-featurednews","13":"tag-headlines","14":"tag-latest-news","15":"tag-latestnews","16":"tag-liberdade-religiosa","17":"tag-main-news","18":"tag-mainnews","19":"tag-mundo","20":"tag-news","21":"tag-noticias","22":"tag-noticias-principais","23":"tag-noticiasprincipais","24":"tag-papa-leao-xiv","25":"tag-principais-noticias","26":"tag-principaisnoticias","27":"tag-top-stories","28":"tag-topstories","29":"tag-ultimas","30":"tag-ultimas-noticias","31":"tag-ultimasnoticias","32":"tag-world","33":"tag-world-news","34":"tag-worldnews"},"share_on_mastodon":{"url":"","error":""},"_links":{"self":[{"href":"https:\/\/www.europesays.com\/pt\/wp-json\/wp\/v2\/posts\/105228","targetHints":{"allow":["GET"]}}],"collection":[{"href":"https:\/\/www.europesays.com\/pt\/wp-json\/wp\/v2\/posts"}],"about":[{"href":"https:\/\/www.europesays.com\/pt\/wp-json\/wp\/v2\/types\/post"}],"author":[{"embeddable":true,"href":"https:\/\/www.europesays.com\/pt\/wp-json\/wp\/v2\/users\/2"}],"replies":[{"embeddable":true,"href":"https:\/\/www.europesays.com\/pt\/wp-json\/wp\/v2\/comments?post=105228"}],"version-history":[{"count":0,"href":"https:\/\/www.europesays.com\/pt\/wp-json\/wp\/v2\/posts\/105228\/revisions"}],"wp:featuredmedia":[{"embeddable":true,"href":"https:\/\/www.europesays.com\/pt\/wp-json\/wp\/v2\/media\/105229"}],"wp:attachment":[{"href":"https:\/\/www.europesays.com\/pt\/wp-json\/wp\/v2\/media?parent=105228"}],"wp:term":[{"taxonomy":"category","embeddable":true,"href":"https:\/\/www.europesays.com\/pt\/wp-json\/wp\/v2\/categories?post=105228"},{"taxonomy":"post_tag","embeddable":true,"href":"https:\/\/www.europesays.com\/pt\/wp-json\/wp\/v2\/tags?post=105228"}],"curies":[{"name":"wp","href":"https:\/\/api.w.org\/{rel}","templated":true}]}}