{"id":105242,"date":"2025-10-10T17:05:09","date_gmt":"2025-10-10T17:05:09","guid":{"rendered":"https:\/\/www.europesays.com\/pt\/105242\/"},"modified":"2025-10-10T17:05:09","modified_gmt":"2025-10-10T17:05:09","slug":"andre-pereira-ex-fc-porto-e-rio-ave-termina-a-carreira-aos-30-anos","status":"publish","type":"post","link":"https:\/\/www.europesays.com\/pt\/105242\/","title":{"rendered":"Andr\u00e9 Pereira, ex-FC Porto e Rio Ave, termina a carreira aos 30 anos"},"content":{"rendered":"<p style=\"margin-bottom:11px\">Andr\u00e9 Pereira deu por encerrada a carreira de jogador profissional aos 30 anos, interrompendo o percurso marcado por graves les\u00f5es. Conforme avan\u00e7ado pela imprensa nacional e confirmado pelo <strong>Maisfutebol<\/strong>, o ponta de lan\u00e7a ex-FC Porto tentou regressar ao ativo na \u00faltima \u00e9poca, ap\u00f3s uma segunda les\u00e3o num dos joelhos, mas sem sucesso.<\/p>\n<p>De recordar que o avan\u00e7ado sofreu uma rotura dos ligamentos cruzados em janeiro de 2021, quando vinculado ao Rio Ave, parando at\u00e9 final desse ano. E as complica\u00e7\u00f5es agravaram-se em 2023\/24.<\/p>\n<p>\u00abA poucos meses de terminar o meu contrato com o Rio Ave, tive a segunda les\u00e3o grave no joelho e, a partir desse treino, nunca mais consegui voltar a correr. Fui operado duas vezes e consultei v\u00e1rios especialistas. Era uma fase em que, em circunst\u00e2ncias normais, estaria no auge da carreira\u00bb, revelou Andr\u00e9 Pereira em entrevista ao zerozero, apontando a uma carreira alternativa enquanto treinador ou gestor desportivo.<\/p>\n<p>Nascido para o futebol no Inter Milheir\u00f3s, o avan\u00e7ado vestiu as cores do FC Porto em 2005, primeiro ciclo que durou at\u00e9 2009, quando rumou \u00e0 forma\u00e7\u00e3o do Leix\u00f5es. Depois de representar Varzim, Sp. Espinho e Sanjoanense, Andr\u00e9 Pereira reencontrou a via da Invicta em 2017, refor\u00e7ando os \u201cb\u00eas\u201d do FC Porto.<\/p>\n<p>O v\u00ednculo durou at\u00e9 2020, mas o ponta de lan\u00e7a foi emprestado a Vit\u00f3ria de Set\u00fabal, Vit\u00f3ria de Guimar\u00e3es e Real Zaragoza. Em todo o caso, totalizou 24 jogos, tr\u00eas golos e tr\u00eas assist\u00eancias na equipa principal dos drag\u00f5es, onde celebrou a conquista de Liga e Superta\u00e7a.<\/p>\n<p>J\u00e1 no Rio Ave, em 2021\/22, Andr\u00e9 Pereira integrou o plantel comandado por Lu\u00eds Freire que conquistou a II Liga.<\/p>\n<blockquote class=\"instagram-media\" data-instgrm-captioned=\"\" data-instgrm-permalink=\"https:\/\/www.instagram.com\/p\/CzHbbcQsQUR\/?utm_source=ig_embed&amp;utm_campaign=loading\" data-instgrm-version=\"14\" style=\" background:#FFF; border:0; border-radius:3px; box-shadow:0 0 1px 0 rgba(0,0,0,0.5),0 1px 10px 0 rgba(0,0,0,0.15); margin: 1px; max-width:540px; min-width:326px; padding:0; width:99.375%; width:-webkit-calc(100% - 2px); width:calc(100% - 2px);\">\n<\/blockquote>\n<p>                                <script async src=\"\/\/www.instagram.com\/embed.js\"><\/script><\/p>\n","protected":false},"excerpt":{"rendered":"Andr\u00e9 Pereira deu por encerrada a carreira de jogador profissional aos 30 anos, interrompendo o percurso marcado por&hellip;\n","protected":false},"author":2,"featured_media":105243,"comment_status":"","ping_status":"","sticky":false,"template":"","format":"standard","meta":{"footnotes":""},"categories":[87],"tags":[19186,135,282,25322,5919,36,46,462,32,33,47,9819,134],"class_list":{"0":"post-105242","1":"post","2":"type-post","3":"status-publish","4":"format-standard","5":"has-post-thumbnail","7":"category-desporto","8":"tag-andre-pereira","9":"tag-desporto","10":"tag-fc-porto","11":"tag-fim-da-carreira","12":"tag-ii-liga","13":"tag-liga","14":"tag-maisfutebol","15":"tag-porto","16":"tag-portugal","17":"tag-pt","18":"tag-pura-paixao","19":"tag-rio-ave","20":"tag-sports"},"share_on_mastodon":{"url":"","error":""},"_links":{"self":[{"href":"https:\/\/www.europesays.com\/pt\/wp-json\/wp\/v2\/posts\/105242","targetHints":{"allow":["GET"]}}],"collection":[{"href":"https:\/\/www.europesays.com\/pt\/wp-json\/wp\/v2\/posts"}],"about":[{"href":"https:\/\/www.europesays.com\/pt\/wp-json\/wp\/v2\/types\/post"}],"author":[{"embeddable":true,"href":"https:\/\/www.europesays.com\/pt\/wp-json\/wp\/v2\/users\/2"}],"replies":[{"embeddable":true,"href":"https:\/\/www.europesays.com\/pt\/wp-json\/wp\/v2\/comments?post=105242"}],"version-history":[{"count":0,"href":"https:\/\/www.europesays.com\/pt\/wp-json\/wp\/v2\/posts\/105242\/revisions"}],"wp:featuredmedia":[{"embeddable":true,"href":"https:\/\/www.europesays.com\/pt\/wp-json\/wp\/v2\/media\/105243"}],"wp:attachment":[{"href":"https:\/\/www.europesays.com\/pt\/wp-json\/wp\/v2\/media?parent=105242"}],"wp:term":[{"taxonomy":"category","embeddable":true,"href":"https:\/\/www.europesays.com\/pt\/wp-json\/wp\/v2\/categories?post=105242"},{"taxonomy":"post_tag","embeddable":true,"href":"https:\/\/www.europesays.com\/pt\/wp-json\/wp\/v2\/tags?post=105242"}],"curies":[{"name":"wp","href":"https:\/\/api.w.org\/{rel}","templated":true}]}}