{"id":105248,"date":"2025-10-10T17:09:26","date_gmt":"2025-10-10T17:09:26","guid":{"rendered":"https:\/\/www.europesays.com\/pt\/105248\/"},"modified":"2025-10-10T17:09:26","modified_gmt":"2025-10-10T17:09:26","slug":"peugeot-408-vai-ser-atualizado-e-estas-sao-as-novidades","status":"publish","type":"post","link":"https:\/\/www.europesays.com\/pt\/105248\/","title":{"rendered":"Peugeot 408 vai ser atualizado e estas s\u00e3o as novidades"},"content":{"rendered":"<p>\n\tDepois do 308, a Peugeot vai agora atualizar a sua variante de \u00abcal\u00e7as arrega\u00e7adas\u00bb: o 408. Descobrimos os prot\u00f3tipos na sua fase de testes.\n<\/p>\n<p>J\u00e1 passaram tr\u00eas anos desde que o <a href=\"https:\/\/www.razaoautomovel.com\/etiqueta\/peugeot-408\/\" rel=\"nofollow noopener\" target=\"_blank\">Peugeot 408 <\/a>foi lan\u00e7ado. Muitos v\u00eaem-no como um SUV, outros como uma berlina, mas, na realidade, \u00e9 uma mistura dos dois: uma berlina crossover ou, se preferir, um <a href=\"https:\/\/www.razaoautomovel.com\/etiqueta\/peugeot-308\/\" rel=\"nofollow noopener\" target=\"_blank\">Peugeot 308<\/a> de \u00abcal\u00e7as arrega\u00e7adas\u00bb.<\/p>\n<p>Independentemente disso, o modelo franc\u00eas j\u00e1 come\u00e7a a acusar a passagem do tempo e, para garantir que se mant\u00e9m em linha com as restantes propostas da marca, vai atualizar-se para 2026 e melhorar os argumentos que lhe t\u00eam valido um bom ritmo de vendas.<\/p>\n<p>Apesar de ainda n\u00e3o existir qualquer informa\u00e7\u00e3o oficial, n\u00e3o ser\u00e1 dif\u00edcil adivinhar que o renovado 408 adote as mesmas altera\u00e7\u00f5es apresentadas no novo<a href=\"https:\/\/www.razaoautomovel.com\/noticias\/apresentacao-peugeot-308-e-308-308-sw-2026\/\" rel=\"nofollow noopener\" target=\"_blank\"> Peugeot 308<\/a>, apresentado h\u00e1 pouco mais de um m\u00eas.<\/p>\n<p><img loading=\"lazy\" decoding=\"async\" width=\"2048\" height=\"1152\" src=\"data:image\/svg+xml,%3Csvg%20xmlns=\" http:=\"\" alt=\"Frente do Peugeot 408 2026\" class=\"wp-image-1099615\" data-lazy- data-lazy- data-lazy-src=\"https:\/\/www.europesays.com\/pt\/wp-content\/uploads\/2025\/10\/Fotos-espia_Peugeot_408_2026_01.webp.webp\"\/>\u00a9 Raz\u00e3o Autom\u00f3vel<\/p>\n<p>Come\u00e7ando pelo exterior, a camuflagem dos prot\u00f3tipos que \u00abapanh\u00e1mos\u00bb confirma esta ideia. O Peugeot 408 vai receber uma nova dianteira e, tal como o \u00abirm\u00e3o\u00bb, dever\u00e1 passar essencialmente pela ado\u00e7\u00e3o de far\u00f3is bipartidos e de uma nova assinatura luminosa, caracterizada por \u00abtr\u00eas garras\u00bb em LED.<\/p>\n<p>Estas \u00abtr\u00eas garras\u00bb posicionam-se na parte de cima da sec\u00e7\u00e3o dianteira e tamb\u00e9m dever\u00e3o ser complementadas por segmentos de luz que se estender\u00e3o pela largura do modelo preenchendo praticamente toda a largura da carro\u00e7aria. No centro da grelha, o log\u00f3tipo da marca tamb\u00e9m dever\u00e1 ser iluminado.<\/p>\n<p><img loading=\"lazy\" decoding=\"async\" width=\"2048\" height=\"1152\" src=\"data:image\/svg+xml,%3Csvg%20xmlns=\" http:=\"\" alt=\"Prot\u00f3tipo do Peugeot 408 2026 de perfil\" class=\"wp-image-1099616\" data-lazy- data-lazy- data-lazy-src=\"https:\/\/www.europesays.com\/pt\/wp-content\/uploads\/2025\/10\/Fotos-espia_Peugeot_408_2026_02.webp.webp\"\/>\u00a9 Raz\u00e3o Autom\u00f3vel<\/p>\n<p>No interior, o novo Peugeot 408 dever\u00e1 acompanhar a evolu\u00e7\u00e3o tecnol\u00f3gica da marca. O i-Cockpit mant\u00e9m-se como protagonista, mas agora com novos detalhes \u2014 desde a ilumina\u00e7\u00e3o ambiente personaliz\u00e1vel at\u00e9 ao painel de instrumentos redesenhado.<\/p>\n<p>A maior novidade, por\u00e9m, poder\u00e1 estar relacionada com a ado\u00e7\u00e3o do sistema de infoentretenimento i-Connect Advanced, com navega\u00e7\u00e3o TomTom e integra\u00e7\u00e3o com o ChatGPT.<\/p>\n<p>E debaixo do cap\u00f4?<\/p>\n<p>No que \u00e0s motoriza\u00e7\u00f5es diz respeito, a probabilidade \u00e9 que o 408 continue a oferecer uma das gamas mais amplas do segmento, com op\u00e7\u00f5es a gasolina, Diesel, h\u00edbrida plug-in e 100% el\u00e9trica.<\/p>\n<p>A op\u00e7\u00e3o a gasolina dever\u00e1 limitar-se ao motor 1.2 Turbo, que agora surge associado a um sistema mild-hybrid de 48 V, com 145 cv e 230 Nm. A motoriza\u00e7\u00e3o Diesel, por outro lado, dever\u00e1 manter-se fiel ao motor 1.5 BlueHDi de 130 cv.<\/p>\n<p><img loading=\"lazy\" decoding=\"async\" width=\"2048\" height=\"1152\" src=\"data:image\/svg+xml,%3Csvg%20xmlns=\" http:=\"\" alt=\"Traseira do prot\u00f3tipo do Peugeot 408 2026\" class=\"wp-image-1099617\" data-lazy- data-lazy- data-lazy-src=\"https:\/\/www.europesays.com\/pt\/wp-content\/uploads\/2025\/10\/Fotos-espia_Peugeot_408_2026_03.webp.webp\"\/>\u00a9 Raz\u00e3o Autom\u00f3vel<\/p>\n<p>Mas se \u00e9 autonomia el\u00e9trica que procura, ent\u00e3o a escolha deve recair sobre o sistema h\u00edbrido plug-in ou a vers\u00e3o 100% el\u00e9trica. A primeira, dever\u00e1 ter uma pot\u00eancia m\u00e1xima combinada em torno dos 195 cv e uma autonomia el\u00e9trica m\u00e1xima pr\u00f3xima dos 84 km (WLTP), gra\u00e7as a uma bateria de 17,2 kWh.<\/p>\n<p>J\u00e1 a segunda, dever\u00e1 equipar um motor el\u00e9trico com 157 kW (213 cv), alimentado por uma bateria de 58,2 kWh, suficiente para uma autonomia de at\u00e9 452 km (WLTP).<\/p>\n<p>Quando chega?<\/p>\n<p>A Peugeot ainda n\u00e3o comentou oficialmente a chegada do Peugeot 408 atualizado, mas tudo aponta para que seja apresentado ainda este ano e chegue ao mercado no pr\u00f3ximo ano.<\/p>\n<p>\t\t\tSabe esta resposta?<br \/>\n\t\t\tQual destes construtores autom\u00f3veis continua a produzir o Peugeot 405?<\/p>\n<p>\n\t\t\t\t\t\t\t\t\t\t\tIran Khodro<br \/>\n\t\t\t\t\t\t\t\t\t\t\tRoewe<br \/>\n\t\t\t\t\t\t\t\t\t\t\tGAC Motor\n\t\t\t\t\t\t\t\t\t<\/p>\n<p>        <a href=\"https:\/\/www.razaoautomovel.com\/perfil\/miguel-nascimento\/\" rel=\"nofollow noopener\" target=\"_blank\"><br \/>\n            <img loading=\"lazy\" alt=\"Avatar photo\" src=\"data:image\/svg+xml,%3Csvg%20xmlns=\" http:=\"\" data-lazy- class=\"avatar avatar-96 photo\" height=\"96\" width=\"96\" decoding=\"async\" data-lazy-src=\"https:\/\/www.europesays.com\/pt\/wp-content\/uploads\/2025\/09\/1757530396_357_miguel-nascimento-perfil-2025-96x96.jpg\"\/>        <\/a>  <\/p>\n","protected":false},"excerpt":{"rendered":"Depois do 308, a Peugeot vai agora atualizar a sua variante de \u00abcal\u00e7as arrega\u00e7adas\u00bb: o 408. Descobrimos os&hellip;\n","protected":false},"author":2,"featured_media":105249,"comment_status":"","ping_status":"","sticky":false,"template":"","format":"standard","meta":{"footnotes":""},"categories":[83],"tags":[956,88,18408,89,90,957,1922,25324,32,33],"class_list":{"0":"post-105248","1":"post","2":"type-post","3":"status-publish","4":"format-standard","5":"has-post-thumbnail","7":"category-empresas","8":"tag-antevisao","9":"tag-business","10":"tag-crossovers","11":"tag-economy","12":"tag-empresas","13":"tag-fotos-espia","14":"tag-peugeot","15":"tag-peugeot-408","16":"tag-portugal","17":"tag-pt"},"share_on_mastodon":{"url":"","error":""},"_links":{"self":[{"href":"https:\/\/www.europesays.com\/pt\/wp-json\/wp\/v2\/posts\/105248","targetHints":{"allow":["GET"]}}],"collection":[{"href":"https:\/\/www.europesays.com\/pt\/wp-json\/wp\/v2\/posts"}],"about":[{"href":"https:\/\/www.europesays.com\/pt\/wp-json\/wp\/v2\/types\/post"}],"author":[{"embeddable":true,"href":"https:\/\/www.europesays.com\/pt\/wp-json\/wp\/v2\/users\/2"}],"replies":[{"embeddable":true,"href":"https:\/\/www.europesays.com\/pt\/wp-json\/wp\/v2\/comments?post=105248"}],"version-history":[{"count":0,"href":"https:\/\/www.europesays.com\/pt\/wp-json\/wp\/v2\/posts\/105248\/revisions"}],"wp:featuredmedia":[{"embeddable":true,"href":"https:\/\/www.europesays.com\/pt\/wp-json\/wp\/v2\/media\/105249"}],"wp:attachment":[{"href":"https:\/\/www.europesays.com\/pt\/wp-json\/wp\/v2\/media?parent=105248"}],"wp:term":[{"taxonomy":"category","embeddable":true,"href":"https:\/\/www.europesays.com\/pt\/wp-json\/wp\/v2\/categories?post=105248"},{"taxonomy":"post_tag","embeddable":true,"href":"https:\/\/www.europesays.com\/pt\/wp-json\/wp\/v2\/tags?post=105248"}],"curies":[{"name":"wp","href":"https:\/\/api.w.org\/{rel}","templated":true}]}}