{"id":105264,"date":"2025-10-10T17:20:19","date_gmt":"2025-10-10T17:20:19","guid":{"rendered":"https:\/\/www.europesays.com\/pt\/105264\/"},"modified":"2025-10-10T17:20:19","modified_gmt":"2025-10-10T17:20:19","slug":"djokovic-na-final-de-xangai-contra-numero-204o-do-mundo","status":"publish","type":"post","link":"https:\/\/www.europesays.com\/pt\/105264\/","title":{"rendered":"Djokovic na final de Xangai contra n\u00famero 204\u00ba do mundo"},"content":{"rendered":"<p>Novak Djokovic garantiu esta quinta-feira a qualifica\u00e7\u00e3o para a final do torneio de Xangai, \u00faltima prova do circuito Masters 1000 da temporada.<\/p>\n<p>O tenista s\u00e9rvio venceu nas meias-finais o belga Zizou Bergs por dois &#8216;sets&#8217; a zero, com os parciais de 6-3 e 7-5, num jogo com pouco menos de duas horas de dura\u00e7\u00e3o.<\/p>\n<p>&#8220;\u00c9 a primeira vez que defronto o Zizou em campo. Ele \u00e9 um jovem fant\u00e1stico e tem muita for\u00e7a no seu jogo. Tentei faz\u00ea-lo cometer erros, mas a 5-4 mantive-me passivo. As condi\u00e7\u00f5es eram dif\u00edceis, mas s\u00e3o iguais para ambos. Apenas tentei sobreviver em campo&#8221;, afirmou Djokovic ap\u00f3s a partida.<\/p>\n<p>Na final, o campe\u00e3o ol\u00edmpico ter\u00e1 pela frente Valentin Vacherot, atual n\u00famero 204\u00ba do ranking ATP e a grande surpresa deste torneio.<\/p>\n<p>Vacherot tornou-se o primeiro tenista monegasco a chegar \u00e0 final deste torneio, um feito que o pr\u00f3prio Djokovic real\u00e7ou.<\/p>\n<p>&#8220;Isto \u00e9 \u00f3timo para o t\u00e9nis no M\u00f3naco, por isso estou feliz. Pelo seu treinador Benjamin Balleret tamb\u00e9m estou feliz, porque tamb\u00e9m treinei com ele nos \u00faltimos 15 anos no M\u00f3naco. \u00c9 impressionante o que o Valentin est\u00e1 a fazer neste torneio&#8221;, sublinhou &#8216;Djoko&#8217;.<\/p>\n","protected":false},"excerpt":{"rendered":"Novak Djokovic garantiu esta quinta-feira a qualifica\u00e7\u00e3o para a final do torneio de Xangai, \u00faltima prova do circuito&hellip;\n","protected":false},"author":2,"featured_media":105265,"comment_status":"","ping_status":"","sticky":false,"template":"","format":"standard","meta":{"footnotes":""},"categories":[87],"tags":[135,32,33,134],"class_list":{"0":"post-105264","1":"post","2":"type-post","3":"status-publish","4":"format-standard","5":"has-post-thumbnail","7":"category-desporto","8":"tag-desporto","9":"tag-portugal","10":"tag-pt","11":"tag-sports"},"share_on_mastodon":{"url":"","error":""},"_links":{"self":[{"href":"https:\/\/www.europesays.com\/pt\/wp-json\/wp\/v2\/posts\/105264","targetHints":{"allow":["GET"]}}],"collection":[{"href":"https:\/\/www.europesays.com\/pt\/wp-json\/wp\/v2\/posts"}],"about":[{"href":"https:\/\/www.europesays.com\/pt\/wp-json\/wp\/v2\/types\/post"}],"author":[{"embeddable":true,"href":"https:\/\/www.europesays.com\/pt\/wp-json\/wp\/v2\/users\/2"}],"replies":[{"embeddable":true,"href":"https:\/\/www.europesays.com\/pt\/wp-json\/wp\/v2\/comments?post=105264"}],"version-history":[{"count":0,"href":"https:\/\/www.europesays.com\/pt\/wp-json\/wp\/v2\/posts\/105264\/revisions"}],"wp:featuredmedia":[{"embeddable":true,"href":"https:\/\/www.europesays.com\/pt\/wp-json\/wp\/v2\/media\/105265"}],"wp:attachment":[{"href":"https:\/\/www.europesays.com\/pt\/wp-json\/wp\/v2\/media?parent=105264"}],"wp:term":[{"taxonomy":"category","embeddable":true,"href":"https:\/\/www.europesays.com\/pt\/wp-json\/wp\/v2\/categories?post=105264"},{"taxonomy":"post_tag","embeddable":true,"href":"https:\/\/www.europesays.com\/pt\/wp-json\/wp\/v2\/tags?post=105264"}],"curies":[{"name":"wp","href":"https:\/\/api.w.org\/{rel}","templated":true}]}}