{"id":105272,"date":"2025-10-10T17:25:08","date_gmt":"2025-10-10T17:25:08","guid":{"rendered":"https:\/\/www.europesays.com\/pt\/105272\/"},"modified":"2025-10-10T17:25:08","modified_gmt":"2025-10-10T17:25:08","slug":"putin-adia-cimeira-russia-mundo-arabe-por-falta-de-presencas","status":"publish","type":"post","link":"https:\/\/www.europesays.com\/pt\/105272\/","title":{"rendered":"Putin adia cimeira R\u00fassia-Mundo \u00c1rabe por falta de presen\u00e7as"},"content":{"rendered":"<p>\t                Sem massa cr\u00edtica de chefes \u00e1rabes, Moscovo travou \u00e0 \u00faltima hora a sua grande aposta diplom\u00e1tica. A prova de for\u00e7a que Putin queria fica em suspenso, condicionada pelo plano de Trump para Gaza, e revela um desconforto crescente nas capitais \u00e1rabes<\/p>\n<p>A estreia da confer\u00eancia R\u00fassia\u2013\u00c1rabe, prevista para 15 de outubro em Moscovo, foi adiada \u00e0 \u00faltima hora por escassez de confirma\u00e7\u00f5es de chefes de Estado.\u00a0<\/p>\n<p>O Kremlin via o encontro como pe\u00e7a-chave para sinalizar a aliados e rivais que mant\u00e9m influ\u00eancia no mundo \u00e1rabe. Oficialmente, a posterga\u00e7\u00e3o foi anunciada nesta quinta-feira, com a justifica\u00e7\u00e3o de que os l\u00edderes \u00e1rabes n\u00e3o podem deslocar-se enquanto avan\u00e7a a proposta Israel\u2013Hamas mediada por Donald Trump.\u00a0<\/p>\n<p>A nova data \u201cdepender\u00e1 de como evoluir a implementa\u00e7\u00e3o do plano de Trump\u201d, disse Yuri Ushakov, conselheiro de pol\u00edtica externa de Putin, ap\u00f3s um telefonema com o primeiro-ministro iraquiano.<\/p>\n<p>Moscovo convidou 22 l\u00edderes para um f\u00f3rum sob o lema \u201ccoopera\u00e7\u00e3o para a paz, estabilidade e seguran\u00e7a\u201d \u2014 e lan\u00e7ou mesmo um site a 3 de outubro. At\u00e9 ter\u00e7a-feira, apenas alguns tinham confirmado, entre eles o presidente s\u00edrio Ahmed al-Sharaa e o secret\u00e1rio-geral da Liga \u00c1rabe.\u00a0<\/p>\n<p>\u201cPesos-pesados&#8221; regionais como Mohammed bin Salman (Ar\u00e1bia Saudita), Mohammed bin Zayed (EAU) e Abdel Fattah al-Sisi (Egito) n\u00e3o estavam confirmados. O Kremlin admite remarcar para novembro esta confer\u00eancia.\u00a0<\/p>\n<p>O adiamento \u00e9 lido como rev\u00e9s para Vladimir Putin e reflexo do maior interesse de v\u00e1rias capitais \u00e1rabes em estreitar la\u00e7os com Trump, que amea\u00e7ou com novas san\u00e7\u00f5es a Moscovo e tem elogiado l\u00edderes \u00e1rabes pelo papel nas conversa\u00e7\u00f5es com o Hamas para o cessar-fogo em Gaza e posterior acordo de paz. Por outro lado, diversos analistas notam que a guerra na Ucr\u00e2nia tem reduzido a margem diplom\u00e1tica russa no M\u00e9dio Oriente, enquanto EUA e China expandem influ\u00eancia.\u00a0<\/p>\n<p>\u201cPutin queria mostrar-se l\u00edder da \u2018maioria global\u2019, mas sem o mundo \u00e1rabe isso \u00e9 dif\u00edcil\u201d, resume o polit\u00f3logo Andrei Kolesnikov, citado pela Bloomberg.\u00a0<\/p>\n","protected":false},"excerpt":{"rendered":"Sem massa cr\u00edtica de chefes \u00e1rabes, Moscovo travou \u00e0 \u00faltima hora a sua grande aposta diplom\u00e1tica. A prova&hellip;\n","protected":false},"author":2,"featured_media":105273,"comment_status":"","ping_status":"","sticky":false,"template":"","format":"standard","meta":{"footnotes":""},"categories":[50],"tags":[609,611,27,28,25332,607,608,610,92,15,16,830,889,14,82,25,26,570,21,22,62,25331,12,13,19,20,25330,25329,23,24,3813,839,17,18,840,29,30,31,2415,63,64,65,3814],"class_list":{"0":"post-105272","1":"post","2":"type-post","3":"status-publish","4":"format-standard","5":"has-post-thumbnail","7":"category-mundo","8":"tag-alerta","9":"tag-ao-minuto","10":"tag-breaking-news","11":"tag-breakingnews","12":"tag-cimeira-russia-mundo-arabe","13":"tag-cnn","14":"tag-cnn-portugal","15":"tag-direto","16":"tag-donald-trump","17":"tag-featured-news","18":"tag-featurednews","19":"tag-guerra","20":"tag-guerra-na-ucrania","21":"tag-headlines","22":"tag-internacional","23":"tag-latest-news","24":"tag-latestnews","25":"tag-live","26":"tag-main-news","27":"tag-mainnews","28":"tag-mundo","29":"tag-mundo-arabe","30":"tag-news","31":"tag-noticias","32":"tag-noticias-principais","33":"tag-noticiasprincipais","34":"tag-paises-arabes","35":"tag-paz-em-gaza","36":"tag-principais-noticias","37":"tag-principaisnoticias","38":"tag-putin","39":"tag-russia","40":"tag-top-stories","41":"tag-topstories","42":"tag-ucrania","43":"tag-ultimas","44":"tag-ultimas-noticias","45":"tag-ultimasnoticias","46":"tag-vladimir-putin","47":"tag-world","48":"tag-world-news","49":"tag-worldnews","50":"tag-zelensky"},"share_on_mastodon":{"url":"","error":""},"_links":{"self":[{"href":"https:\/\/www.europesays.com\/pt\/wp-json\/wp\/v2\/posts\/105272","targetHints":{"allow":["GET"]}}],"collection":[{"href":"https:\/\/www.europesays.com\/pt\/wp-json\/wp\/v2\/posts"}],"about":[{"href":"https:\/\/www.europesays.com\/pt\/wp-json\/wp\/v2\/types\/post"}],"author":[{"embeddable":true,"href":"https:\/\/www.europesays.com\/pt\/wp-json\/wp\/v2\/users\/2"}],"replies":[{"embeddable":true,"href":"https:\/\/www.europesays.com\/pt\/wp-json\/wp\/v2\/comments?post=105272"}],"version-history":[{"count":0,"href":"https:\/\/www.europesays.com\/pt\/wp-json\/wp\/v2\/posts\/105272\/revisions"}],"wp:featuredmedia":[{"embeddable":true,"href":"https:\/\/www.europesays.com\/pt\/wp-json\/wp\/v2\/media\/105273"}],"wp:attachment":[{"href":"https:\/\/www.europesays.com\/pt\/wp-json\/wp\/v2\/media?parent=105272"}],"wp:term":[{"taxonomy":"category","embeddable":true,"href":"https:\/\/www.europesays.com\/pt\/wp-json\/wp\/v2\/categories?post=105272"},{"taxonomy":"post_tag","embeddable":true,"href":"https:\/\/www.europesays.com\/pt\/wp-json\/wp\/v2\/tags?post=105272"}],"curies":[{"name":"wp","href":"https:\/\/api.w.org\/{rel}","templated":true}]}}