{"id":105276,"date":"2025-10-10T17:28:07","date_gmt":"2025-10-10T17:28:07","guid":{"rendered":"https:\/\/www.europesays.com\/pt\/105276\/"},"modified":"2025-10-10T17:28:07","modified_gmt":"2025-10-10T17:28:07","slug":"ele-vai-ver-a-prova-de-amor","status":"publish","type":"post","link":"https:\/\/www.europesays.com\/pt\/105276\/","title":{"rendered":"Ele vai ver a prova de amor&#8230;"},"content":{"rendered":"<p>Com o segredo de Liliana oficialmente descoberto, o fim do seu noivado com Z\u00e9 e a consequente rela\u00e7\u00e3o desta com F\u00e1bio continua a ser tema de conversa na casa do Secret Story 9.<\/p>\n<p>Na noite desta quinta-feira, 9 de outubro, v\u00e1rios concorrentes reuniram-se numa sess\u00e3o de corte e costura em que a rela\u00e7\u00e3o de Liliana e F\u00e1bio foi muito comentada: \u201c<strong>E<\/strong><strong>les s\u00e3o claramente um casal a partir do momento em que passam 90% do dia agarrados, parece que t\u00eam cola<\/strong>\u201c, afirmou Dylan. \u201c<strong>Eles \u00e9 que dizem que n\u00e3o, mas toda a gente sabe que sim. O F\u00e1bio disse que n\u00e3o t\u00eam nada<\/strong>\u201c, atirou Bruno Sim\u00e3o.<\/p>\n<p>Por sua vez, Ana Cristina foi mais longe: \u201c<strong>Ele est\u00e1 a fazer figura de rid\u00edculo, est\u00e1 a fazer a figura de corno lindo, para usar adjetivos bonitos<\/strong>\u201c. Dylan reagiu: \u201c<strong>Mas achas que ele n\u00e3o sabe disso? Ele sabe<\/strong>\u201c.<\/p>\n<p>Ana Cristina n\u00e3o ficou por aqui, visto que deu a entender que Liliana vai trocar F\u00e1bio por outro homem: \u201c<strong>\u201cUma prova de amor\u201d? Por amor de Deus! Quando sa\u00edrem os dois l\u00e1 fora, ela vai ficar iludida com os gajos todos que v\u00e3o estar a segui-la no Instagram e ele vai ver a prova de amor<\/strong>\u201c.<\/p>\n<p>Para Joana, o mesmo tamb\u00e9m dever\u00e1 acontecer por parte de F\u00e1bio: \u201c<strong>E ele tamb\u00e9m, achas o qu\u00ea? Dele ent\u00e3o n\u00e3o tenho d\u00favidas nenhumas<\/strong>\u201c.<\/p>\n<p><a href=\"https:\/\/tvi.iol.pt\/secretstory\/videos\/ana-cristina-acredita-que-liliana-vai-deixar-fabio-para-tras-quando-vir-outros-segui-la-no-instagram\/68e82d0b0cf285ab53a60be5\" target=\"_blank\" rel=\"noopener nofollow\">Veja o v\u00eddeo aqui<\/a>.<\/p>\n","protected":false},"excerpt":{"rendered":"Com o segredo de Liliana oficialmente descoberto, o fim do seu noivado com Z\u00e9 e a consequente rela\u00e7\u00e3o&hellip;\n","protected":false},"author":2,"featured_media":105277,"comment_status":"","ping_status":"","sticky":false,"template":"","format":"standard","meta":{"footnotes":""},"categories":[145],"tags":[19725,211,210,114,115,24621,11081,19016,32,33],"class_list":{"0":"post-105276","1":"post","2":"type-post","3":"status-publish","4":"format-standard","5":"has-post-thumbnail","7":"category-celebridades","8":"tag-ana-cristina","9":"tag-celebridades","10":"tag-celebrities","11":"tag-entertainment","12":"tag-entretenimento","13":"tag-fu00e1bio","14":"tag-homem","15":"tag-liliana","16":"tag-portugal","17":"tag-pt"},"share_on_mastodon":{"url":"","error":""},"_links":{"self":[{"href":"https:\/\/www.europesays.com\/pt\/wp-json\/wp\/v2\/posts\/105276","targetHints":{"allow":["GET"]}}],"collection":[{"href":"https:\/\/www.europesays.com\/pt\/wp-json\/wp\/v2\/posts"}],"about":[{"href":"https:\/\/www.europesays.com\/pt\/wp-json\/wp\/v2\/types\/post"}],"author":[{"embeddable":true,"href":"https:\/\/www.europesays.com\/pt\/wp-json\/wp\/v2\/users\/2"}],"replies":[{"embeddable":true,"href":"https:\/\/www.europesays.com\/pt\/wp-json\/wp\/v2\/comments?post=105276"}],"version-history":[{"count":0,"href":"https:\/\/www.europesays.com\/pt\/wp-json\/wp\/v2\/posts\/105276\/revisions"}],"wp:featuredmedia":[{"embeddable":true,"href":"https:\/\/www.europesays.com\/pt\/wp-json\/wp\/v2\/media\/105277"}],"wp:attachment":[{"href":"https:\/\/www.europesays.com\/pt\/wp-json\/wp\/v2\/media?parent=105276"}],"wp:term":[{"taxonomy":"category","embeddable":true,"href":"https:\/\/www.europesays.com\/pt\/wp-json\/wp\/v2\/categories?post=105276"},{"taxonomy":"post_tag","embeddable":true,"href":"https:\/\/www.europesays.com\/pt\/wp-json\/wp\/v2\/tags?post=105276"}],"curies":[{"name":"wp","href":"https:\/\/api.w.org\/{rel}","templated":true}]}}