{"id":105297,"date":"2025-10-10T17:48:04","date_gmt":"2025-10-10T17:48:04","guid":{"rendered":"https:\/\/www.europesays.com\/pt\/105297\/"},"modified":"2025-10-10T17:48:04","modified_gmt":"2025-10-10T17:48:04","slug":"roberto-martinez-esta-fase-de-apuramento-e-esquisita","status":"publish","type":"post","link":"https:\/\/www.europesays.com\/pt\/105297\/","title":{"rendered":"Roberto Mart\u00ednez: \u00abEsta fase de apuramento \u00e9 esquisita\u00bb"},"content":{"rendered":"<p><a class=\"autolink-enabled\" data-resource-id=\"1651\" data-resource-type=\"team\" data-sport=\"football\" href=\"https:\/\/www.abola.pt\/futebol\/portugal-1651\" rel=\"nofollow noopener\" target=\"_blank\">Portugal<\/a> pode carimbar a presen\u00e7a no Mundial 2026 j\u00e1 nesta dupla jornada, com o primeiro obst\u00e1culo a ser a <a class=\"autolink-enabled\" data-resource-id=\"1376\" data-resource-type=\"team\" data-sport=\"football\" href=\"https:\/\/www.abola.pt\/futebol\/republica-da-irlanda-1376\" rel=\"nofollow noopener\" target=\"_blank\">Irlanda<\/a>, no s\u00e1bado, em Alvalade. Na antevis\u00e3o \u00e0 partida, Roberto Mart\u00ednez, o selecionador portugu\u00eas, alertou para o perigo que os irlandeses podem representar, ambicionado una rea\u00e7\u00e3o depois de, de forma surpreendente, ter perdido, em setembro, na <a class=\"autolink-enabled\" data-resource-id=\"2173\" data-resource-type=\"team\" data-sport=\"football\" href=\"https:\/\/www.abola.pt\/futebol\/armenia-2173\" rel=\"nofollow noopener\" target=\"_blank\">Arm\u00e9nia<\/a>.<\/p>\n<p>\u00abGarantir j\u00e1 a qualifica\u00e7\u00e3o? O mais importante \u00e9 ter o melhor desempenho poss\u00edvel contra a Irlanda e tentar ir passo a passo. Esta fase de apuramento \u00e9 esquisita, n\u00e3o h\u00e1 margem de erro, mas a nossa prepara\u00e7\u00e3o foi muito boa e ainda temos mais um treino. O nosso foco est\u00e1 na Irlanda e n\u00e3o podemos subestimar o advers\u00e1rio. A Irlanda teve um jogo dif\u00edcil na Arm\u00e9nia, com uma viagem pelo meio depois do primeiro jogo, e esperamos uma rea\u00e7\u00e3o. Pensamos s\u00f3 no jogo, o resto pode ser perigoso\u00bb, atirou o espanhol.<\/p>\n<p>Roberto Mart\u00ednez aproveitou ainda para esclarecer o porqu\u00ea de ter convocado <a class=\"autolink-enabled\" data-resource-id=\"254241\" data-resource-type=\"player\" data-sport=\"football\" href=\"https:\/\/www.abola.pt\/futebol\/jogador\/joao-neves-254241\" rel=\"nofollow noopener\" target=\"_blank\">Jo\u00e3o Neves<\/a>, tendo o jogador do <a class=\"autolink-enabled\" data-resource-id=\"295\" data-resource-type=\"team\" data-sport=\"football\" href=\"https:\/\/www.abola.pt\/futebol\/psg-295\" rel=\"nofollow noopener\" target=\"_blank\">PSG<\/a> j\u00e1 sido dispensado devido a problemas f\u00edsicos e chamado <a class=\"autolink-enabled\" data-resource-id=\"198475\" data-resource-type=\"player\" data-sport=\"football\" href=\"https:\/\/www.abola.pt\/futebol\/jogador\/nuno-tavares-198475\" rel=\"nofollow noopener\" target=\"_blank\">Nuno Tavares<\/a>, lateral da <a class=\"autolink-enabled\" data-resource-id=\"244\" data-resource-type=\"team\" data-sport=\"football\" href=\"https:\/\/www.abola.pt\/futebol\/lazio-244\" rel=\"nofollow noopener\" target=\"_blank\">Lazio<\/a>, para o seu lugar.<\/p>\n<p>\u00abA nossa rela\u00e7\u00e3o com o PSG \u00e9 perfeita. Tudo aquilo que foi dito fora n\u00e3o \u00e9 certo. A comunica\u00e7\u00e3o entre os departamentos m\u00e9dicos e as equipas t\u00e9cnicas \u00e9 boa. T\u00ednhamos a possibilidade de que o Jo\u00e3o jogasse o \u00faltimo jogo, n\u00e3o chamamos jogadores que n\u00e3o est\u00e3o aptos. N\u00e3o h\u00e1 confus\u00e3o, o que h\u00e1 \u00e9 uma situa\u00e7\u00e3o em que o Cancelo e o Neves n\u00e3o est\u00e3o. Temos a oportunidade de mostrar o mesmo n\u00edvel com jogadores diferentes. Temos uma polival\u00eancia que \u00e9 muito importante para criar um grupo muito forte.\u00bb<\/p>\n","protected":false},"excerpt":{"rendered":"Portugal pode carimbar a presen\u00e7a no Mundial 2026 j\u00e1 nesta dupla jornada, com o primeiro obst\u00e1culo a ser&hellip;\n","protected":false},"author":2,"featured_media":105298,"comment_status":"","ping_status":"","sticky":false,"template":"","format":"standard","meta":{"footnotes":""},"categories":[87],"tags":[135,32,33,134],"class_list":{"0":"post-105297","1":"post","2":"type-post","3":"status-publish","4":"format-standard","5":"has-post-thumbnail","7":"category-desporto","8":"tag-desporto","9":"tag-portugal","10":"tag-pt","11":"tag-sports"},"share_on_mastodon":{"url":"","error":""},"_links":{"self":[{"href":"https:\/\/www.europesays.com\/pt\/wp-json\/wp\/v2\/posts\/105297","targetHints":{"allow":["GET"]}}],"collection":[{"href":"https:\/\/www.europesays.com\/pt\/wp-json\/wp\/v2\/posts"}],"about":[{"href":"https:\/\/www.europesays.com\/pt\/wp-json\/wp\/v2\/types\/post"}],"author":[{"embeddable":true,"href":"https:\/\/www.europesays.com\/pt\/wp-json\/wp\/v2\/users\/2"}],"replies":[{"embeddable":true,"href":"https:\/\/www.europesays.com\/pt\/wp-json\/wp\/v2\/comments?post=105297"}],"version-history":[{"count":0,"href":"https:\/\/www.europesays.com\/pt\/wp-json\/wp\/v2\/posts\/105297\/revisions"}],"wp:featuredmedia":[{"embeddable":true,"href":"https:\/\/www.europesays.com\/pt\/wp-json\/wp\/v2\/media\/105298"}],"wp:attachment":[{"href":"https:\/\/www.europesays.com\/pt\/wp-json\/wp\/v2\/media?parent=105297"}],"wp:term":[{"taxonomy":"category","embeddable":true,"href":"https:\/\/www.europesays.com\/pt\/wp-json\/wp\/v2\/categories?post=105297"},{"taxonomy":"post_tag","embeddable":true,"href":"https:\/\/www.europesays.com\/pt\/wp-json\/wp\/v2\/tags?post=105297"}],"curies":[{"name":"wp","href":"https:\/\/api.w.org\/{rel}","templated":true}]}}