{"id":105303,"date":"2025-10-10T17:51:10","date_gmt":"2025-10-10T17:51:10","guid":{"rendered":"https:\/\/www.europesays.com\/pt\/105303\/"},"modified":"2025-10-10T17:51:10","modified_gmt":"2025-10-10T17:51:10","slug":"instagram-vai-ficar-cheio-de-videos-dublados-com-ia-tecnoblog","status":"publish","type":"post","link":"https:\/\/www.europesays.com\/pt\/105303\/","title":{"rendered":"Instagram vai ficar cheio de v\u00eddeos dublados com IA \u2022 Tecnoblog"},"content":{"rendered":"<p><img decoding=\"async\" data-wp-class--hide=\"state.isContentHidden\" data-wp-class--show=\"state.isContentVisible\" data-wp-init=\"callbacks.setButtonStyles\" data-wp-on-async--click=\"actions.showLightbox\" data-wp-on-async--load=\"callbacks.setButtonStyles\" data-wp-on-async-window--resize=\"callbacks.setButtonStyles\" src=\"https:\/\/www.europesays.com\/pt\/wp-content\/uploads\/2025\/10\/meta-ai-traducao-1060x596.webp.webp\" alt=\"Ilustra\u00e7\u00e3o das configura\u00e7\u00f5es do Meta AI em portugu\u00eas e outras l\u00ednguas\" class=\"wp-image-856589 no-lazy\" fetchpriority=\"high\"\/><\/p>\n<p>\t\tUsu\u00e1rios podem ver Reels de outras l\u00ednguas com dublagem em portugu\u00eas (imagem: divulga\u00e7\u00e3o\/Meta)<\/p>\n<p>\n      O melhor da tecnologia est\u00e1 no <strong>nosso canal no WhatsApp<\/strong>\n    <\/p>\n<p>    Resumo<\/p>\n<p>O Instagram expandiu o novo recurso de tradu\u00e7\u00e3o de voz por intelig\u00eancia artificial no Reels, incluindo suporte ao portugu\u00eas e hindi. A novidade, que j\u00e1 estava dispon\u00edvel para ingl\u00eas e espanhol desde agosto, tem como objetivo ajudar criadores de conte\u00fado a alcan\u00e7ar uma audi\u00eancia global. <\/p>\n<p>A ferramenta utiliza a Meta AI para analisar o \u00e1udio original de um v\u00eddeo e gerar uma vers\u00e3o dublada no idioma do espectador. Durante uma <a href=\"https:\/\/www.instagram.com\/reel\/DPmEdiuEWUj\/\" target=\"_blank\" class=\"icon-external\" rel=\"nofollow noopener\">demonstra\u00e7\u00e3o do recurso<\/a> em portugu\u00eas, entretanto, nota-se que a tecnologia ainda mistura o portugu\u00eas falado no Brasil com constru\u00e7\u00f5es frasais mais comuns em Portugal. <\/p>\n<p>Al\u00e9m da dublagem, a IA tamb\u00e9m oferece uma funcionalidade de sincroniza\u00e7\u00e3o labial, que ajusta sutilmente os movimentos da boca do criador para que correspondam ao \u00e1udio, tornando o resultado mais natural. <\/p>\n<blockquote class=\"instagram-media\" data-instgrm-permalink=\"https:\/\/www.instagram.com\/reel\/DPmEdiuEWUj\/?utm_source=ig_embed&amp;utm_campaign=loading\" data-instgrm-version=\"14\" style=\" background:#FFF; border:0; border-radius:3px; box-shadow:0 0 1px 0 rgba(0,0,0,0.5),0 1px 10px 0 rgba(0,0,0,0.15); margin: 1px; max-width:540px; min-width:326px; padding:0; width:99.375%; width:-webkit-calc(100% - 2px); width:calc(100% - 2px);\"\/>\n<p>Como ocorre a tradu\u00e7\u00e3o?<\/p>\n<p>A Meta desenvolveu a tecnologia de IA para \u201cimitar o som e o tom da voz do criador\u201d, buscando preservar a autenticidade do conte\u00fado original, mesmo em outro idioma.<\/p>\n<p>Ainda assim, o processo n\u00e3o \u00e9 totalmente autom\u00e1tico para quem posta: \u00e9 necess\u00e1rio ativar a op\u00e7\u00e3o \u201cTraduza sua voz com a Meta AI\u201d, antes de publicar um Reel. Em seguida, o criador pode revisar as tradu\u00e7\u00f5es geradas e aprovar as vers\u00f5es que deseja disponibilizar. <\/p>\n<p>A empresa tamb\u00e9m informou que est\u00e1 trabalhando em novas funcionalidades para o recurso. Em breve, a tradu\u00e7\u00e3o de \u00e1udio com m\u00faltiplos interlocutores, j\u00e1 presente nos Reels no Facebook, chegar\u00e1 tamb\u00e9m ao Instagram. <\/p>\n<p>A plataforma <a href=\"https:\/\/techcrunch.com\/2025\/10\/07\/you-cant-libel-the-dead-but-that-doesnt-mean-you-should-deepfake-them\/\" target=\"_blank\" class=\"icon-external\" rel=\"nofollow noopener\">tamb\u00e9m planeja<\/a> lan\u00e7ar uma tradu\u00e7\u00e3o para textos aplicados aos v\u00eddeos por meio de stickers.<\/p>\n<p>Sim, tem como desativar<\/p>\n<p><img loading=\"lazy\" decoding=\"async\" width=\"1060\" height=\"923\" alt=\"capturas de tela das configua\u00e7\u00f5es de idiomas do instagram\" class=\"wp-image-856591 perfmatters-lazy\" src=\"https:\/\/www.europesays.com\/pt\/wp-content\/uploads\/2025\/10\/traducoes-meta-ai-1060x923.webp.webp\"  data-\/>Meta permite desativa\u00e7\u00e3o completa da ferramenta (imagem: divulga\u00e7\u00e3o\/Meta)<\/p>\n<p>Ao contr\u00e1rio do que ocorre no YouTube, que tamb\u00e9m <a href=\"https:\/\/tecnoblog.net\/noticias\/mais-videos-do-youtube-terao-audio-dublado\/\" rel=\"nofollow noopener\" target=\"_blank\">oferece tradu\u00e7\u00e3o autom\u00e1tica e dublagem de v\u00eddeos por IA<\/a>, o Instagram oferece controles f\u00e1ceis para desativar a ferramenta.<\/p>\n<p>Na rede do Google, muitos usu\u00e1rios reclamam que a tradu\u00e7\u00e3o \u00e9 ativada por padr\u00e3o e que as op\u00e7\u00f5es para desativ\u00e1-la n\u00e3o s\u00e3o claras. J\u00e1 o Instagram, que tamb\u00e9m traz a tecnologia ativada por padr\u00e3o, pode ter se adiantado com as cr\u00edticas feitas ao concorrente.<\/p>\n<p>Para desativar as tradu\u00e7\u00f5es em todos os Reels:<\/p>\n<ol class=\"wp-block-list\">\n<li>Acesse o seu perfil e toque no menu (tr\u00eas linhas) no canto superior direito.<\/li>\n<li>V\u00e1 em Configura\u00e7\u00f5es e atividade.<\/li>\n<li>Toque em Idioma e tradu\u00e7\u00f5es.<\/li>\n<\/ol>\n<p>Para gerenciar a tradu\u00e7\u00e3o em um Reel espec\u00edfico:<\/p>\n<ol class=\"wp-block-list\">\n<li>Enquanto assiste a um v\u00eddeo, toque no \u00edcone de tr\u00eas pontos (\u2026).<\/li>\n<li>Selecione Tradu\u00e7\u00f5es.<\/li>\n<li>Neste menu, \u00e9 poss\u00edvel desativar a tradu\u00e7\u00e3o para aquele v\u00eddeo, escolher para qual idioma traduzir ou relatar um erro na dublagem.<\/li>\n<\/ol>\n<p>A Meta afirma que o recurso est\u00e1 sendo liberado gradualmente para todos os usu\u00e1rios com contas p\u00fablicas do Instagram e para criadores no Facebook com mais de mil seguidores.<\/p>\n<p>    <a href=\"https:\/\/tecnoblog.net\/sobre\/instagram\/\" rel=\"tag nofollow noopener\" target=\"_blank\">Instagram<\/a><a href=\"https:\/\/tecnoblog.net\/sobre\/inteligencia-artificial\/\" rel=\"tag nofollow noopener\" target=\"_blank\">Intelig\u00eancia Artificial (IA)<\/a><a href=\"https:\/\/tecnoblog.net\/sobre\/meta\/\" rel=\"tag nofollow noopener\" target=\"_blank\">Meta<\/a><a href=\"https:\/\/tecnoblog.net\/sobre\/meta-ai\/\" rel=\"tag nofollow noopener\" target=\"_blank\">Meta AI<\/a><a href=\"https:\/\/tecnoblog.net\/sobre\/facebook\/\" rel=\"tag nofollow noopener\" target=\"_blank\">Facebook<\/a><br \/>\n\t\t\t\t\t<script async src=\"\/\/www.instagram.com\/embed.js\"><\/script><\/p>\n","protected":false},"excerpt":{"rendered":"Usu\u00e1rios podem ver Reels de outras l\u00ednguas com dublagem em portugu\u00eas (imagem: divulga\u00e7\u00e3o\/Meta) O melhor da tecnologia est\u00e1&hellip;\n","protected":false},"author":2,"featured_media":105304,"comment_status":"","ping_status":"","sticky":false,"template":"","format":"standard","meta":{"footnotes":""},"categories":[84],"tags":[109,107,108,1015,13265,111,9836,32,33,105,103,104,106,110],"class_list":{"0":"post-105303","1":"post","2":"type-post","3":"status-publish","4":"format-standard","5":"has-post-thumbnail","7":"category-ciencia-e-tecnologia","8":"tag-ciencia","9":"tag-ciencia-e-tecnologia","10":"tag-cienciaetecnologia","11":"tag-instagram","12":"tag-inteligencia-artificial-ia","13":"tag-meta","14":"tag-meta-ai","15":"tag-portugal","16":"tag-pt","17":"tag-science","18":"tag-science-and-technology","19":"tag-scienceandtechnology","20":"tag-technology","21":"tag-tecnologia"},"share_on_mastodon":{"url":"","error":""},"_links":{"self":[{"href":"https:\/\/www.europesays.com\/pt\/wp-json\/wp\/v2\/posts\/105303","targetHints":{"allow":["GET"]}}],"collection":[{"href":"https:\/\/www.europesays.com\/pt\/wp-json\/wp\/v2\/posts"}],"about":[{"href":"https:\/\/www.europesays.com\/pt\/wp-json\/wp\/v2\/types\/post"}],"author":[{"embeddable":true,"href":"https:\/\/www.europesays.com\/pt\/wp-json\/wp\/v2\/users\/2"}],"replies":[{"embeddable":true,"href":"https:\/\/www.europesays.com\/pt\/wp-json\/wp\/v2\/comments?post=105303"}],"version-history":[{"count":0,"href":"https:\/\/www.europesays.com\/pt\/wp-json\/wp\/v2\/posts\/105303\/revisions"}],"wp:featuredmedia":[{"embeddable":true,"href":"https:\/\/www.europesays.com\/pt\/wp-json\/wp\/v2\/media\/105304"}],"wp:attachment":[{"href":"https:\/\/www.europesays.com\/pt\/wp-json\/wp\/v2\/media?parent=105303"}],"wp:term":[{"taxonomy":"category","embeddable":true,"href":"https:\/\/www.europesays.com\/pt\/wp-json\/wp\/v2\/categories?post=105303"},{"taxonomy":"post_tag","embeddable":true,"href":"https:\/\/www.europesays.com\/pt\/wp-json\/wp\/v2\/tags?post=105303"}],"curies":[{"name":"wp","href":"https:\/\/api.w.org\/{rel}","templated":true}]}}