{"id":105309,"date":"2025-10-10T17:54:33","date_gmt":"2025-10-10T17:54:33","guid":{"rendered":"https:\/\/www.europesays.com\/pt\/105309\/"},"modified":"2025-10-10T17:54:33","modified_gmt":"2025-10-10T17:54:33","slug":"homem-tenta-atacar-policias-com-faca-no-centro-do-porto","status":"publish","type":"post","link":"https:\/\/www.europesays.com\/pt\/105309\/","title":{"rendered":"Homem tenta atacar pol\u00edcias com faca no centro do Porto"},"content":{"rendered":"<p>Ap\u00f3s ser mandado afastar, informou hoje a for\u00e7a policial, o suspeito entrou numa pastelaria, de onde regressou empunhando uma faca e avan\u00e7ando na dire\u00e7\u00e3o dos pol\u00edcias com inten\u00e7\u00e3o de os agredir.<\/p>\n<p data-remotead-prev-elm=\"true\" data-remotead-elm-id=\"inread\">Os agentes reagiram, conseguindo imobilizar o homem antes que este causasse qualquer ferimento.<\/p>\n<p>O detido foi posteriormente apresentado \u00e0 autoridade judici\u00e1ria competente, que lhe aplicou a medida de coa\u00e7\u00e3o de apresenta\u00e7\u00f5es di\u00e1rias junto das autoridades policiais da \u00e1rea da sua resid\u00eancia.<\/p>\n","protected":false},"excerpt":{"rendered":"Ap\u00f3s ser mandado afastar, informou hoje a for\u00e7a policial, o suspeito entrou numa pastelaria, de onde regressou empunhando&hellip;\n","protected":false},"author":2,"featured_media":105310,"comment_status":"","ping_status":"","sticky":false,"template":"","format":"standard","meta":{"footnotes":""},"categories":[10],"tags":[27,28,15,16,14,603,25,26,21,22,12,13,19,20,32,23,24,1306,33,17,18,29,30,31],"class_list":{"0":"post-105309","1":"post","2":"type-post","3":"status-publish","4":"format-standard","5":"has-post-thumbnail","7":"category-portugal","8":"tag-breaking-news","9":"tag-breakingnews","10":"tag-featured-news","11":"tag-featurednews","12":"tag-headlines","13":"tag-justica","14":"tag-latest-news","15":"tag-latestnews","16":"tag-main-news","17":"tag-mainnews","18":"tag-news","19":"tag-noticias","20":"tag-noticias-principais","21":"tag-noticiasprincipais","22":"tag-portugal","23":"tag-principais-noticias","24":"tag-principaisnoticias","25":"tag-psp","26":"tag-pt","27":"tag-top-stories","28":"tag-topstories","29":"tag-ultimas","30":"tag-ultimas-noticias","31":"tag-ultimasnoticias"},"share_on_mastodon":{"url":"","error":""},"_links":{"self":[{"href":"https:\/\/www.europesays.com\/pt\/wp-json\/wp\/v2\/posts\/105309","targetHints":{"allow":["GET"]}}],"collection":[{"href":"https:\/\/www.europesays.com\/pt\/wp-json\/wp\/v2\/posts"}],"about":[{"href":"https:\/\/www.europesays.com\/pt\/wp-json\/wp\/v2\/types\/post"}],"author":[{"embeddable":true,"href":"https:\/\/www.europesays.com\/pt\/wp-json\/wp\/v2\/users\/2"}],"replies":[{"embeddable":true,"href":"https:\/\/www.europesays.com\/pt\/wp-json\/wp\/v2\/comments?post=105309"}],"version-history":[{"count":0,"href":"https:\/\/www.europesays.com\/pt\/wp-json\/wp\/v2\/posts\/105309\/revisions"}],"wp:featuredmedia":[{"embeddable":true,"href":"https:\/\/www.europesays.com\/pt\/wp-json\/wp\/v2\/media\/105310"}],"wp:attachment":[{"href":"https:\/\/www.europesays.com\/pt\/wp-json\/wp\/v2\/media?parent=105309"}],"wp:term":[{"taxonomy":"category","embeddable":true,"href":"https:\/\/www.europesays.com\/pt\/wp-json\/wp\/v2\/categories?post=105309"},{"taxonomy":"post_tag","embeddable":true,"href":"https:\/\/www.europesays.com\/pt\/wp-json\/wp\/v2\/tags?post=105309"}],"curies":[{"name":"wp","href":"https:\/\/api.w.org\/{rel}","templated":true}]}}