{"id":105321,"date":"2025-10-10T18:05:13","date_gmt":"2025-10-10T18:05:13","guid":{"rendered":"https:\/\/www.europesays.com\/pt\/105321\/"},"modified":"2025-10-10T18:05:13","modified_gmt":"2025-10-10T18:05:13","slug":"chris-pratt-e-rebecca-ferguson-brilham-no-trailer-do-thriller-futurista-justica-artificial-confira","status":"publish","type":"post","link":"https:\/\/www.europesays.com\/pt\/105321\/","title":{"rendered":"Chris Pratt e Rebecca Ferguson BRILHAM no trailer do thriller futurista &#8216;Justi\u00e7a Artificial&#8217;; Confira!"},"content":{"rendered":"<p>O suspense sci-fi\u00a0\u2018<strong>Justi\u00e7a Artificial<\/strong>\u2018, estrelado por\u00a0<strong><a href=\"https:\/\/cinepop.com.br\/tag\/rebecca-ferguson\/\" title=\"Rebecca Ferguson\" rel=\"nofollow noopener\" target=\"_blank\">Rebecca Ferguson<\/a><\/strong> e<strong> <a href=\"https:\/\/cinepop.com.br\/tag\/chris-pratt\/\" title=\"Chris Pratt\" rel=\"nofollow noopener\" target=\"_blank\">Chris Pratt<\/a><\/strong>, teve o seu primeiro trailer divulgado pela\u00a0<strong>Sony Pictures Brasil<\/strong>.<\/p>\n<p>Com estreia programada para <strong>22 de janeiro de 2026<\/strong>, o projeto promete entregar uma premissa inovadora \u2013 misturando uma narrativa tradicional com screenlife, t\u00e9cnica que ganhou popularidade atrav\u00e9s de \u2018<strong>Amizade Desfeita<\/strong>\u2018 e \u2018<strong>Buscando\u2026<\/strong>\u2018.<\/p>\n<p>Confira e siga o <a href=\"https:\/\/www.youtube.com\/cinepop?sub_confirmation=1\" target=\"_blank\" rel=\"noopener nofollow\"><strong>CinePOP no Youtube<\/strong><\/a>:<\/p>\n<p>Ambientada em um futuro pr\u00f3ximo durante um aumento alarmante de pena de morte, a trama acompanha um detetive (<strong>Pratt<\/strong>) que \u00e9 acusado de um crime violento e \u00e9 for\u00e7ado a provar sua inoc\u00eancia.<\/p>\n<p><strong><a href=\"https:\/\/cinepop.com.br\/tag\/timur-bekmambetov\/\" title=\"Timur Bekmambetov\" rel=\"nofollow noopener\" target=\"_blank\">Timur Bekmambetov<\/a><\/strong> (\u2018O Procurado\u2019) \u00e9 respons\u00e1vel pela dire\u00e7\u00e3o. O roteiro foi assinado por <strong><a href=\"https:\/\/cinepop.com.br\/tag\/marco-van-belle\/\" title=\"Marco van Belle\" rel=\"nofollow noopener\" target=\"_blank\">Marco van Belle<\/a><\/strong>.<\/p>\n<p><strong><a href=\"https:\/\/cinepop.com.br\/tag\/annabelle-wallis\/\" title=\"Annabelle Wallis\" rel=\"nofollow noopener\" target=\"_blank\">Annabelle Wallis<\/a><\/strong>,\u00a0<strong><a href=\"https:\/\/cinepop.com.br\/tag\/kali-reis\/\" title=\"Kali Reis\" rel=\"nofollow noopener\" target=\"_blank\">Kali Reis<\/a><\/strong>,\u00a0<strong><a href=\"https:\/\/cinepop.com.br\/tag\/rafi-gavron\/\" title=\"Rafi Gavron\" rel=\"nofollow noopener\" target=\"_blank\">Rafi Gavron<\/a><\/strong>,\u00a0<strong><a href=\"https:\/\/cinepop.com.br\/tag\/chris-sullivan\/\" title=\"Chris Sullivan\" rel=\"nofollow noopener\" target=\"_blank\">Chris Sullivan<\/a><\/strong>,\u00a0<strong><a href=\"https:\/\/cinepop.com.br\/tag\/kenneth-choi\/\" title=\"Kenneth Choi\" rel=\"nofollow noopener\" target=\"_blank\">Kenneth Choi<\/a><\/strong>,\u00a0<strong><a href=\"https:\/\/cinepop.com.br\/tag\/kylie-rogers\/\" title=\"Kylie Rogers\" rel=\"nofollow noopener\" target=\"_blank\">Kylie Rogers<\/a><\/strong> e\u00a0<strong><a href=\"https:\/\/cinepop.com.br\/tag\/jeff-pierre\/\" title=\"Jeff Pierre\" rel=\"nofollow noopener\" target=\"_blank\">Jeff Pierre<\/a><\/strong> completam o elenco.<\/p>\n","protected":false},"excerpt":{"rendered":"O suspense sci-fi\u00a0\u2018Justi\u00e7a Artificial\u2018, estrelado por\u00a0Rebecca Ferguson e Chris Pratt, teve o seu primeiro trailer divulgado pela\u00a0Sony Pictures&hellip;\n","protected":false},"author":2,"featured_media":105322,"comment_status":"","ping_status":"","sticky":false,"template":"","format":"standard","meta":{"footnotes":""},"categories":[140],"tags":[17024,25339,22507,24750,114,115,147,148,25340,24752,19673,24753,24754,24755,146,32,33,24756,25341,17110,24757],"class_list":{"0":"post-105321","1":"post","2":"type-post","3":"status-publish","4":"format-standard","5":"has-post-thumbnail","7":"category-filmes","8":"tag-amazon-mgm-studios","9":"tag-annabelle-wallis","10":"tag-chris-pratt","11":"tag-chris-sullivan","12":"tag-entertainment","13":"tag-entretenimento","14":"tag-film","15":"tag-filmes","16":"tag-jeff-pierre","17":"tag-kali-reis","18":"tag-kenneth-choi","19":"tag-kylie-rogers","20":"tag-marco-van-belle","21":"tag-mercy","22":"tag-movies","23":"tag-portugal","24":"tag-pt","25":"tag-rafi-garon","26":"tag-rafi-gavron","27":"tag-rebecca-ferguson","28":"tag-timur-bekmambetov"},"share_on_mastodon":{"url":"","error":""},"_links":{"self":[{"href":"https:\/\/www.europesays.com\/pt\/wp-json\/wp\/v2\/posts\/105321","targetHints":{"allow":["GET"]}}],"collection":[{"href":"https:\/\/www.europesays.com\/pt\/wp-json\/wp\/v2\/posts"}],"about":[{"href":"https:\/\/www.europesays.com\/pt\/wp-json\/wp\/v2\/types\/post"}],"author":[{"embeddable":true,"href":"https:\/\/www.europesays.com\/pt\/wp-json\/wp\/v2\/users\/2"}],"replies":[{"embeddable":true,"href":"https:\/\/www.europesays.com\/pt\/wp-json\/wp\/v2\/comments?post=105321"}],"version-history":[{"count":0,"href":"https:\/\/www.europesays.com\/pt\/wp-json\/wp\/v2\/posts\/105321\/revisions"}],"wp:featuredmedia":[{"embeddable":true,"href":"https:\/\/www.europesays.com\/pt\/wp-json\/wp\/v2\/media\/105322"}],"wp:attachment":[{"href":"https:\/\/www.europesays.com\/pt\/wp-json\/wp\/v2\/media?parent=105321"}],"wp:term":[{"taxonomy":"category","embeddable":true,"href":"https:\/\/www.europesays.com\/pt\/wp-json\/wp\/v2\/categories?post=105321"},{"taxonomy":"post_tag","embeddable":true,"href":"https:\/\/www.europesays.com\/pt\/wp-json\/wp\/v2\/tags?post=105321"}],"curies":[{"name":"wp","href":"https:\/\/api.w.org\/{rel}","templated":true}]}}