{"id":105323,"date":"2025-10-10T18:06:10","date_gmt":"2025-10-10T18:06:10","guid":{"rendered":"https:\/\/www.europesays.com\/pt\/105323\/"},"modified":"2025-10-10T18:06:10","modified_gmt":"2025-10-10T18:06:10","slug":"benfica-schjelderup-mete-gelo-na-polemica-mas-deixa-mensagem-a-mourinho","status":"publish","type":"post","link":"https:\/\/www.europesays.com\/pt\/105323\/","title":{"rendered":"Benfica: Schjelderup &#8216;mete gelo&#8217; na pol\u00e9mica, mas deixa mensagem a Mourinho"},"content":{"rendered":"<p><a class=\"autolink-enabled\" data-resource-id=\"233110\" data-resource-type=\"player\" data-sport=\"football\" href=\"https:\/\/www.abola.pt\/futebol\/jogador\/andreas-schjelderup-233110\" rel=\"nofollow noopener\" target=\"_blank\">Andreas Schjelderup<\/a>, extremo internacional noruegu\u00eas do <a class=\"autolink-enabled\" data-resource-id=\"450\" data-resource-type=\"team\" data-sport=\"football\" href=\"https:\/\/www.abola.pt\/futebol\/benfica-450\" rel=\"nofollow noopener\" target=\"_blank\">Benfica<\/a>, reagiu \u00e0 recente pol\u00e9mica em torno da sua utiliza\u00e7\u00e3o no clube. <\/p>\n<p>Jos\u00e9 Mourinho foi o primeiro a falar, expondo dificuldades do jogador ao n\u00edvel da \u00abintensidade\u00bb e do \u00absacrif\u00edcio nas transi\u00e7\u00f5es\u00bb, Stale Solbakken, selecionador da Noruega, respondeu, desafiando Mourinho a dar-lhe \u00ab90 minutos\u00bb, depois o treinador respondeu a Solbakken, pedindo \u00abrespeito\u00bb. Agora chega a vez do jogador.<\/p>\n<p>Em declara\u00e7\u00f5es produzidas na concentra\u00e7\u00e3o da sele\u00e7\u00e3o n\u00f3rdica, Schjelderup diz que \u00abtem sido emocionante\u00bb trabalhar com Mourinho e garantiu que ele e o t\u00e9cnico t\u00eam \u00abum \u00f3timo relacionamento\u00bb.<\/p>\n<p>E prosseguiu, enviando mensagem a Mourinho mensagem ambiciosa: \u00abComo todos os jogadores de futebol, quero jogar o m\u00e1ximo poss\u00edvel e contribuir o m\u00e1ximo poss\u00edvel. Tenho de fazer tudo o que posso diariamente nos treinos para mostrar que mere\u00e7o jogar.\u00bb<\/p>\n<p>Andreas Schjelderup\u00a0defronta Israel este s\u00e1bado, em jogo de apuramento para o\u00a0Mundial-2026, e no dia 14 enfrenta a\u00a0Nova Zel\u00e2ndia, em jogo de car\u00e1ter amig\u00e1vel (a\u00a0Noruega\u00a0est\u00e1 num grupo de cinco equipas no apuramento e vai folgar).<\/p>\n","protected":false},"excerpt":{"rendered":"Andreas Schjelderup, extremo internacional noruegu\u00eas do Benfica, reagiu \u00e0 recente pol\u00e9mica em torno da sua utiliza\u00e7\u00e3o no clube.&hellip;\n","protected":false},"author":2,"featured_media":105324,"comment_status":"","ping_status":"","sticky":false,"template":"","format":"standard","meta":{"footnotes":""},"categories":[87],"tags":[135,32,33,134],"class_list":{"0":"post-105323","1":"post","2":"type-post","3":"status-publish","4":"format-standard","5":"has-post-thumbnail","7":"category-desporto","8":"tag-desporto","9":"tag-portugal","10":"tag-pt","11":"tag-sports"},"share_on_mastodon":{"url":"","error":""},"_links":{"self":[{"href":"https:\/\/www.europesays.com\/pt\/wp-json\/wp\/v2\/posts\/105323","targetHints":{"allow":["GET"]}}],"collection":[{"href":"https:\/\/www.europesays.com\/pt\/wp-json\/wp\/v2\/posts"}],"about":[{"href":"https:\/\/www.europesays.com\/pt\/wp-json\/wp\/v2\/types\/post"}],"author":[{"embeddable":true,"href":"https:\/\/www.europesays.com\/pt\/wp-json\/wp\/v2\/users\/2"}],"replies":[{"embeddable":true,"href":"https:\/\/www.europesays.com\/pt\/wp-json\/wp\/v2\/comments?post=105323"}],"version-history":[{"count":0,"href":"https:\/\/www.europesays.com\/pt\/wp-json\/wp\/v2\/posts\/105323\/revisions"}],"wp:featuredmedia":[{"embeddable":true,"href":"https:\/\/www.europesays.com\/pt\/wp-json\/wp\/v2\/media\/105324"}],"wp:attachment":[{"href":"https:\/\/www.europesays.com\/pt\/wp-json\/wp\/v2\/media?parent=105323"}],"wp:term":[{"taxonomy":"category","embeddable":true,"href":"https:\/\/www.europesays.com\/pt\/wp-json\/wp\/v2\/categories?post=105323"},{"taxonomy":"post_tag","embeddable":true,"href":"https:\/\/www.europesays.com\/pt\/wp-json\/wp\/v2\/tags?post=105323"}],"curies":[{"name":"wp","href":"https:\/\/api.w.org\/{rel}","templated":true}]}}