{"id":105336,"date":"2025-10-10T18:14:13","date_gmt":"2025-10-10T18:14:13","guid":{"rendered":"https:\/\/www.europesays.com\/pt\/105336\/"},"modified":"2025-10-10T18:14:13","modified_gmt":"2025-10-10T18:14:13","slug":"joao-silva-expoe-postura-de-medico-ao-falar-sobre-faustao-quis-aparecer-fazer-graca","status":"publish","type":"post","link":"https:\/\/www.europesays.com\/pt\/105336\/","title":{"rendered":"Jo\u00e3o Silva exp\u00f5e postura de m\u00e9dico ao falar sobre Faust\u00e3o: &#8216;Quis aparecer, fazer gra\u00e7a&#8217;"},"content":{"rendered":"\n<p class=\" content-text__container \" data-track-category=\"Link no Texto\" data-track-links=\"\"> &#8220;Quis aparecer, quis fazer gra\u00e7a&#8221;, disse Jo\u00e3o durante o podcast \u201cFesta da Firma\u201d. Para ele, o m\u00e9dico se pronunciou de forma irrespons\u00e1vel ao comentar publicamente sobre o estado de sa\u00fade do pai sem conhecimento real do caso. &#8220;Como \u00e9 que um m\u00e9dico fala sobre algo que n\u00e3o sabe, ainda mais com a responsabilidade que a fun\u00e7\u00e3o exige?&#8221;, questionou. <\/p>\n<p class=\" content-text__container \" data-track-category=\"Link no Texto\" data-track-links=\"\"> Sobre a sa\u00fade do pai, Jo\u00e3o relatou que a recupera\u00e7\u00e3o tem sido positiva. &#8220;A recupera\u00e7\u00e3o est\u00e1 indo muito bem. O tempo estava passando e n\u00e3o sabia se estava piorando, se estava melhorando. E pela primeira vez eu tive a certeza que ele t\u00e1 s\u00f3 melhorando&#8221;, afirmou. <\/p>\n<p class=\" content-text__container \" data-track-category=\"Link no Texto\" data-track-links=\"\"> Al\u00e9m disso, ele falou sobre a pr\u00f3pria trajet\u00f3ria, especialmente ap\u00f3s a cirurgia bari\u00e1trica, e destacou a import\u00e2ncia de cuidar da sa\u00fade. &#8220;A verdade \u00e9 que fui um puta vagabundo. Eu n\u00e3o tava fazendo porra nenhuma. Mas, hoje, eu t\u00f4 treinando tr\u00eas vezes por semana e quero j\u00e1 aumentar para quatro. Acho que se a gente n\u00e3o cuidar da sa\u00fade hoje, l\u00e1 na frente a gente paga o pre\u00e7o&#8221;, refletiu. <\/p>\n<p class=\" content-text__container \" data-track-category=\"Link no Texto\" data-track-links=\"\"> Apesar de reconhecer os privil\u00e9gios por ser filho de um dos maiores apresentadores do pa\u00eds, Jo\u00e3o deixou claro que quer construir seu pr\u00f3prio caminho. &#8220;Acho que sim, [sou nepo baby], porque realmente eu tive muita abertura de portas e privil\u00e9gios por ser filho. Mas eu n\u00e3o tenho essa ambi\u00e7\u00e3o de ser famoso, de ser superstar. Eu quero ser um atleta de alta performance na televis\u00e3o. Quero que o executivo diga assim: &#8216;bota o Jo\u00e3o que o Jo\u00e3o resolve&#8217;. Entrega audi\u00eancia e faturamento&#8221;, concluiu. <\/p>\n","protected":false},"excerpt":{"rendered":"&#8220;Quis aparecer, quis fazer gra\u00e7a&#8221;, disse Jo\u00e3o durante o podcast \u201cFesta da Firma\u201d. Para ele, o m\u00e9dico se&hellip;\n","protected":false},"author":2,"featured_media":105337,"comment_status":"","ping_status":"","sticky":false,"template":"","format":"standard","meta":{"footnotes":""},"categories":[145],"tags":[211,210,114,115,319,32,33,318],"class_list":{"0":"post-105336","1":"post","2":"type-post","3":"status-publish","4":"format-standard","5":"has-post-thumbnail","7":"category-celebridades","8":"tag-celebridades","9":"tag-celebrities","10":"tag-entertainment","11":"tag-entretenimento","12":"tag-hard-news","13":"tag-portugal","14":"tag-pt","15":"tag-radar"},"share_on_mastodon":{"url":"","error":""},"_links":{"self":[{"href":"https:\/\/www.europesays.com\/pt\/wp-json\/wp\/v2\/posts\/105336","targetHints":{"allow":["GET"]}}],"collection":[{"href":"https:\/\/www.europesays.com\/pt\/wp-json\/wp\/v2\/posts"}],"about":[{"href":"https:\/\/www.europesays.com\/pt\/wp-json\/wp\/v2\/types\/post"}],"author":[{"embeddable":true,"href":"https:\/\/www.europesays.com\/pt\/wp-json\/wp\/v2\/users\/2"}],"replies":[{"embeddable":true,"href":"https:\/\/www.europesays.com\/pt\/wp-json\/wp\/v2\/comments?post=105336"}],"version-history":[{"count":0,"href":"https:\/\/www.europesays.com\/pt\/wp-json\/wp\/v2\/posts\/105336\/revisions"}],"wp:featuredmedia":[{"embeddable":true,"href":"https:\/\/www.europesays.com\/pt\/wp-json\/wp\/v2\/media\/105337"}],"wp:attachment":[{"href":"https:\/\/www.europesays.com\/pt\/wp-json\/wp\/v2\/media?parent=105336"}],"wp:term":[{"taxonomy":"category","embeddable":true,"href":"https:\/\/www.europesays.com\/pt\/wp-json\/wp\/v2\/categories?post=105336"},{"taxonomy":"post_tag","embeddable":true,"href":"https:\/\/www.europesays.com\/pt\/wp-json\/wp\/v2\/tags?post=105336"}],"curies":[{"name":"wp","href":"https:\/\/api.w.org\/{rel}","templated":true}]}}