{"id":105343,"date":"2025-10-10T18:22:21","date_gmt":"2025-10-10T18:22:21","guid":{"rendered":"https:\/\/www.europesays.com\/pt\/105343\/"},"modified":"2025-10-10T18:22:21","modified_gmt":"2025-10-10T18:22:21","slug":"eis-os-convocados-de-portugal-para-defrontar-a-letonia","status":"publish","type":"post","link":"https:\/\/www.europesays.com\/pt\/105343\/","title":{"rendered":"Eis os convocados de Portugal para defrontar a Let\u00f3nia"},"content":{"rendered":"<p>&#8211; Advertisement &#8211;<\/p>\n<p><strong>Portugal ir\u00e1 disputar dois jogos particulares frente \u00e0 Let\u00f3nia para preparar o Europeu de 2026. A fase final ser\u00e1 sorteada a 24 de outubro. <\/strong><\/p>\n<p>Portugal vai enfrentar a Let\u00f3nia por duas vezes em Riga, na prepara\u00e7\u00e3o para o Europeu de Futsal 2026, que ter\u00e1 lugar na Litu\u00e2nia, Eslov\u00e9nia e Let\u00f3nia. Os jogos est\u00e3o marcados para 19 e 22 de outubro. A sele\u00e7\u00e3o portuguesa apurou-se para o europeu <a href=\"https:\/\/bolanarede.pt\/especial-bola-na-rede\/atualidade\/portugal-vence-paises-baixos-em-futsal-e-conquista-1o-lugar-invicto-na-qualificacao-para-o-euro-2026\/?_gl=1*190yfbu*_up*MQ..*_ga*NzAwMDI5ODM0LjE3NTk5NTMyNDE.*_ga_765ZWTEW0X*czE3NTk5NTMyMzgkbzEkZzAkdDE3NTk5NTMyMzgkajYwJGwwJGgw\" target=\"_blank\" rel=\"noreferrer noopener nofollow\">ap\u00f3s conquistar um primeiro lugar e sem qualquer derrota na qualifica\u00e7\u00e3o.<\/a><\/p>\n<p>O selecionador nacional de futsal, Jorge Braz, anunciou esta quarta-feira os convocados para o est\u00e1gio de prepara\u00e7\u00e3o. A equipa inicia a concentra\u00e7\u00e3o no pr\u00f3ximo domingo.<\/p>\n<p><strong>Eis a lista de convocados:<\/strong><\/p>\n<p><strong>Guarda-redes<\/strong>: Edu (El Pozo Murcia, Espanha), Andr\u00e9 Correia (SL Benfica) e Bernardo Pa\u00e7\u00f3 (Sporting CP);<\/p>\n<p><strong>Fixos<\/strong>: Andr\u00e9 Coelho (SL Benfica) e Tom\u00e1s Pa\u00e7\u00f3 (Sporting CP);<\/p>\n<p><strong>Fixo\/Ala<\/strong>: Afonso (SL Benfica) e Bruno Maior (Sporting CP);<\/p>\n<p><strong>Alas<\/strong>: Tiago Brito (SC Braga), Diogo Santos (Sporting CP), Silvestre Ferreira (SL Benfica), L\u00facio Rocha (SL Benfica), Kutchy (SL Benfica), Pauleta (Sporting CP), Bruno Coelho (Riga Futsal, Let\u00f3nia) e Miguel \u00c2ngelo (Fortitudo Pomezia, It\u00e1lia);<\/p>\n<p><strong>Piv\u00f4<\/strong>: R\u00faben G\u00f3is (Rio Ave FC)<\/p>\n","protected":false},"excerpt":{"rendered":"&#8211; Advertisement &#8211; Portugal ir\u00e1 disputar dois jogos particulares frente \u00e0 Let\u00f3nia para preparar o Europeu de 2026.&hellip;\n","protected":false},"author":2,"featured_media":105344,"comment_status":"","ping_status":"","sticky":false,"template":"","format":"standard","meta":{"footnotes":""},"categories":[87],"tags":[260,135,25346,1831,15625,32,25347,33,134],"class_list":{"0":"post-105343","1":"post","2":"type-post","3":"status-publish","4":"format-standard","5":"has-post-thumbnail","7":"category-desporto","8":"tag-atualidade","9":"tag-desporto","10":"tag-euro-2026-futsal","11":"tag-futsal","12":"tag-letonia","13":"tag-portugal","14":"tag-portugal-futsal","15":"tag-pt","16":"tag-sports"},"share_on_mastodon":{"url":"","error":""},"_links":{"self":[{"href":"https:\/\/www.europesays.com\/pt\/wp-json\/wp\/v2\/posts\/105343","targetHints":{"allow":["GET"]}}],"collection":[{"href":"https:\/\/www.europesays.com\/pt\/wp-json\/wp\/v2\/posts"}],"about":[{"href":"https:\/\/www.europesays.com\/pt\/wp-json\/wp\/v2\/types\/post"}],"author":[{"embeddable":true,"href":"https:\/\/www.europesays.com\/pt\/wp-json\/wp\/v2\/users\/2"}],"replies":[{"embeddable":true,"href":"https:\/\/www.europesays.com\/pt\/wp-json\/wp\/v2\/comments?post=105343"}],"version-history":[{"count":0,"href":"https:\/\/www.europesays.com\/pt\/wp-json\/wp\/v2\/posts\/105343\/revisions"}],"wp:featuredmedia":[{"embeddable":true,"href":"https:\/\/www.europesays.com\/pt\/wp-json\/wp\/v2\/media\/105344"}],"wp:attachment":[{"href":"https:\/\/www.europesays.com\/pt\/wp-json\/wp\/v2\/media?parent=105343"}],"wp:term":[{"taxonomy":"category","embeddable":true,"href":"https:\/\/www.europesays.com\/pt\/wp-json\/wp\/v2\/categories?post=105343"},{"taxonomy":"post_tag","embeddable":true,"href":"https:\/\/www.europesays.com\/pt\/wp-json\/wp\/v2\/tags?post=105343"}],"curies":[{"name":"wp","href":"https:\/\/api.w.org\/{rel}","templated":true}]}}