{"id":105351,"date":"2025-10-10T18:27:26","date_gmt":"2025-10-10T18:27:26","guid":{"rendered":"https:\/\/www.europesays.com\/pt\/105351\/"},"modified":"2025-10-10T18:27:26","modified_gmt":"2025-10-10T18:27:26","slug":"trump-sugere-expulsar-espanha-da-nato-por-nao-cumprir-gastos-na-defesa","status":"publish","type":"post","link":"https:\/\/www.europesays.com\/pt\/105351\/","title":{"rendered":"Trump sugere expulsar Espanha da NATO por n\u00e3o cumprir gastos na defesa"},"content":{"rendered":"<p>          <img decoding=\"async\" class=\"c-ad__placeholder__logo\" src=\"https:\/\/static.euronews.com\/website\/images\/logos\/logo-euronews-stacked-outlined-72x72-grey-9.svg\" width=\"72\" height=\"72\" alt=\"\" loading=\"lazy\"\/><br \/>\n          PUBLICIDADE<\/p>\n<p>O presidente dos Estados Unidos, Donald Trump, sugeriu que Espanha fosse &#8220;expulsa&#8221; da NATO, ao reunir-se com o seu hom\u00f3logo finland\u00eas, Alexander Stubb, na Casa Branca, na quinta-feira.<\/p>\n<p>O encontro, que deveria ser o prel\u00fadio da compra pela Finl\u00e2ndia de navios quebra-gelo americanos, acabou por se transformar numa discuss\u00e3o sobre a alian\u00e7a de defesa, numa altura em que Trump procurava reacender a sua contenda de meses com a na\u00e7\u00e3o ib\u00e9rica devido a diverg\u00eancias sobre as despesas com a defesa.<\/p>\n<p>H\u00e1 muito tempo que Trump se desentende com o primeiro-ministro espanhol, Pedro Sanchez, desde a cimeira da NATO, realizada em Haia, em junho passado, onde, poucos dias antes da reuni\u00e3o dos l\u00edderes da alian\u00e7a, Sanchez anunciou que Espanha n\u00e3o iria cumprir as exig\u00eancias de Trump de aumentar as despesas com a defesa para 5% do Produto Interno Bruto (PIB), em vez dos anteriores objectivos de 2%.<\/p>\n<p>&#8220;Como sabem, pedi que pagassem cinco por cento e n\u00e3o dois por cento. E a maioria das pessoas pensava que isso n\u00e3o ia acontecer, e aconteceu praticamente por unanimidade. Tivemos um elemento desfasado. Foi Espanha. Espanha&#8221;, disse Trump.<\/p>\n<p>&#8220;\u00c9 preciso telefonar-lhes e descobrir porque \u00e9 que eles est\u00e3o atrasados, e eles tamb\u00e9m est\u00e3o a ir bem&#8221;.<\/p>\n<p>O presidente dos EUA atacou numa reuni\u00e3o amig\u00e1vel na Sala Oval, sugerindo que o pa\u00eds deveria ser expulso da organiza\u00e7\u00e3o.<\/p>\n<p>&#8220;Sabem o que \u00e9 engra\u00e7ado? Por causa de muitas das coisas que fizemos, eles est\u00e3o a ir bem. Eles n\u00e3o t\u00eam desculpa para n\u00e3o o fazer, mas n\u00e3o faz mal. Talvez dev\u00eassemos expuls\u00e1-los da NATO, francamente&#8221;, acrescentou Trump.<\/p>\n<p>O presidente dos EUA j\u00e1 tinha afirmado que Washington n\u00e3o estava disposto a permitir que a Europa &#8220;se aproveitasse&#8221; da sua for\u00e7a militar, sublinhando que todos os pa\u00edses da NATO t\u00eam de &#8220;puxar pelo seu peso&#8221; e contribuir de forma justa para a sua defesa.<\/p>\n<p>Durante a reuni\u00e3o, Stubb e Trump aprovaram formalmente um acordo que prev\u00ea a venda de 11 quebra-gelos m\u00e9dios a Hels\u00ednquia, com um custo previsto de cerca de 6,1 mil milh\u00f5es de d\u00f3lares (5,27 mil milh\u00f5es de euros). Washington tem como objetivo entregar o primeiro navio da frota at\u00e9 2028.<\/p>\n<p>A Finl\u00e2ndia procura refor\u00e7ar as suas defesas, uma vez que a amea\u00e7a de interfer\u00eancia russa continua a pairar, ap\u00f3s a invas\u00e3o em grande escala de Moscovo na sua vizinha Ucr\u00e2nia em fevereiro de 2022. A Finl\u00e2ndia partilha com a R\u00fassia a fronteira terrestre mais longa de todos os pa\u00edses da UE.<\/p>\n<p>Os dois falaram e brincaram sobre as perspetivas de Trump ganhar o Pr\u00e9mio Nobel da Paz na sexta-feira, \u00e0 medida que as nomea\u00e7\u00f5es dos l\u00edderes mundiais para o prestigiado pr\u00e9mio continuam a aumentar.<\/p>\n<p>&#8220;Bem, n\u00e3o sei. Olha, fiz sete acordos e agora s\u00e3o oito. Resolvi as guerras, uma que durou 31 anos, uma que durou 34 anos, uma que durou 35 anos, uma que durou 10 anos. Fiz 7 acordos. Este seria o n\u00famero 8&#8221;, disse Trump.<\/p>\n<p>&#8220;Mas eles (comit\u00e9 Nobel) t\u00eam de fazer o que fazem. O que quer que fa\u00e7am \u00e9 \u00f3timo. Eu sei o seguinte. N\u00e3o o fiz por isso. Fi-lo porque salvei muitas vidas&#8221;, continuou.<\/p>\n<p>Stubb foi tamb\u00e9m convidado a comentar as hip\u00f3teses do presidente dos Estados Unidos da Am\u00e9rica, tendo afirmado que acredita que Trump tem potencial para o fazer.<\/p>\n<p>&#8220;Bem, penso que essa \u00e9 provavelmente uma decis\u00e3o que cabe ao Comit\u00e9 Nobel. A minha opini\u00e3o \u00e9 que h\u00e1 duas pe\u00e7as fundamentais que t\u00eam de ser resolvidas no quadro geral&#8221;, disse Stubb.<\/p>\n<p>&#8220;Uma \u00e9 no M\u00e9dio Oriente, e estamos a ver os resultados disso. E a outra \u00e9 entre a R\u00fassia e a Ucr\u00e2nia. E uma vez resolvidos esses problemas, n\u00e3o vejo qualquer impedimento.&#8221;<\/p>\n<p>Quatro presidentes dos EUA ganharam o Pr\u00e9mio Nobel da Paz: Theodore Roosevelt, Woodrow Wilson, Jimmy Carter e Barack Obama. Trump quer tornar-se o primeiro presidente republicano desde Roosevelt a receber o pr\u00e9mio em mais de 100 anos.<\/p>\n","protected":false},"excerpt":{"rendered":"PUBLICIDADE O presidente dos Estados Unidos, Donald Trump, sugeriu que Espanha fosse &#8220;expulsa&#8221; da NATO, ao reunir-se com&hellip;\n","protected":false},"author":2,"featured_media":105352,"comment_status":"","ping_status":"","sticky":false,"template":"","format":"standard","meta":{"footnotes":""},"categories":[50],"tags":[27,28,92,640,7618,15,16,5388,14,25,26,21,22,62,3400,12,13,19,20,23,24,17,18,29,30,31,63,64,65],"class_list":{"0":"post-105351","1":"post","2":"type-post","3":"status-publish","4":"format-standard","5":"has-post-thumbnail","7":"category-mundo","8":"tag-breaking-news","9":"tag-breakingnews","10":"tag-donald-trump","11":"tag-espanha","12":"tag-estados-unidos-da-america","13":"tag-featured-news","14":"tag-featurednews","15":"tag-finlandia","16":"tag-headlines","17":"tag-latest-news","18":"tag-latestnews","19":"tag-main-news","20":"tag-mainnews","21":"tag-mundo","22":"tag-nato","23":"tag-news","24":"tag-noticias","25":"tag-noticias-principais","26":"tag-noticiasprincipais","27":"tag-principais-noticias","28":"tag-principaisnoticias","29":"tag-top-stories","30":"tag-topstories","31":"tag-ultimas","32":"tag-ultimas-noticias","33":"tag-ultimasnoticias","34":"tag-world","35":"tag-world-news","36":"tag-worldnews"},"share_on_mastodon":{"url":"","error":""},"_links":{"self":[{"href":"https:\/\/www.europesays.com\/pt\/wp-json\/wp\/v2\/posts\/105351","targetHints":{"allow":["GET"]}}],"collection":[{"href":"https:\/\/www.europesays.com\/pt\/wp-json\/wp\/v2\/posts"}],"about":[{"href":"https:\/\/www.europesays.com\/pt\/wp-json\/wp\/v2\/types\/post"}],"author":[{"embeddable":true,"href":"https:\/\/www.europesays.com\/pt\/wp-json\/wp\/v2\/users\/2"}],"replies":[{"embeddable":true,"href":"https:\/\/www.europesays.com\/pt\/wp-json\/wp\/v2\/comments?post=105351"}],"version-history":[{"count":0,"href":"https:\/\/www.europesays.com\/pt\/wp-json\/wp\/v2\/posts\/105351\/revisions"}],"wp:featuredmedia":[{"embeddable":true,"href":"https:\/\/www.europesays.com\/pt\/wp-json\/wp\/v2\/media\/105352"}],"wp:attachment":[{"href":"https:\/\/www.europesays.com\/pt\/wp-json\/wp\/v2\/media?parent=105351"}],"wp:term":[{"taxonomy":"category","embeddable":true,"href":"https:\/\/www.europesays.com\/pt\/wp-json\/wp\/v2\/categories?post=105351"},{"taxonomy":"post_tag","embeddable":true,"href":"https:\/\/www.europesays.com\/pt\/wp-json\/wp\/v2\/tags?post=105351"}],"curies":[{"name":"wp","href":"https:\/\/api.w.org\/{rel}","templated":true}]}}