{"id":105357,"date":"2025-10-10T18:32:10","date_gmt":"2025-10-10T18:32:10","guid":{"rendered":"https:\/\/www.europesays.com\/pt\/105357\/"},"modified":"2025-10-10T18:32:10","modified_gmt":"2025-10-10T18:32:10","slug":"com-realizacao-da-ufpi-salao-do-livro-de-parnaiba-salipa-2025-termina-hoje-10","status":"publish","type":"post","link":"https:\/\/www.europesays.com\/pt\/105357\/","title":{"rendered":"Com realiza\u00e7\u00e3o da UFPI, Sal\u00e3o do Livro de Parna\u00edba (SaLiPa) 2025 termina hoje (10)"},"content":{"rendered":"<p>Publicado: 10\/10\/2025 15:12<\/p>\n<p>Atualiza\u00e7\u00e3o mais recente: 10\/10\/2025 15:12<\/p>\n<p dir=\"ltr\"><img decoding=\"async\" src=\"https:\/\/www.europesays.com\/pt\/wp-content\/uploads\/2025\/10\/salao do livro de parnaiba.png\" loading=\"lazy\" width=\"400\" height=\"533\" style=\"display: block; margin-left: auto; margin-right: auto;\" class=\"float-none\"\/><\/p>\n<p dir=\"ltr\" style=\"text-align: justify;\">Em mais um ano de parceria, a\u00a0Universidade Federal do Piau\u00ed (UFPI) e a Funda\u00e7\u00e3o Quixote unem esfor\u00e7os para a realiza\u00e7\u00e3o do 10\u00ba Sal\u00e3o do Livro de Parna\u00edba (SaLiPa). O evento, que tamb\u00e9m conta com a realiza\u00e7\u00e3o da Universidade Federal do Delta do Parna\u00edba (UFDPar) e da ADICH-PI, aconteceu entre os dias 8 e 10 de outubro. A programa\u00e7\u00e3o incluiu palestras inspiradoras, feira de livros, bate-papos liter\u00e1rios, shows culturais, arena infantil e exposi\u00e7\u00f5es. Nesta edi\u00e7\u00e3o, o tema foi \u201cLer e Escrever \u2013 Existir e Resistir\u201d, refletindo sobre a leitura e a escrita como instrumentos de identidade, liberdade e transforma\u00e7\u00e3o social.<\/p>\n<p dir=\"ltr\" style=\"text-align: justify;\">Al\u00e9m do SaLiPa e do tradicional Sal\u00e3o do Livro do Piau\u00ed (SaLiPi), realizado em Teresina, a UFPI e a Funda\u00e7\u00e3o Quixote tamb\u00e9m promovem o Sal\u00e3o do Livro de Bom Jesus (SaLiBom) e o Sal\u00e3o do Livro de Valen\u00e7a (SaLiVa). Com essas a\u00e7\u00f5es, a Universidade reafirma seu compromisso com a promo\u00e7\u00e3o da leitura e o fortalecimento da cultura em diferentes regi\u00f5es do Piau\u00ed.<\/p>\n<p dir=\"ltr\" style=\"text-align: justify;\">O 14\u00ba SaLiVa, em Valen\u00e7a, acontece entre os dias 15 e 18 de outubro. J\u00e1 o 7\u00ba SaLiBom ser\u00e1 realizado no Campus Professora Cinobelina Elvas (CPCE\/UFPI), em Bom Jesus, de 12 a 14 de novembro.<\/p>\n<p dir=\"ltr\" style=\"text-align: justify;\">Segundo o presidente da Funda\u00e7\u00e3o Quixote, K\u00e1ssio Gomes, a parceria entre a institui\u00e7\u00e3o e a UFPI tem gerado resultados expressivos. \u201cEsses eventos, promovidos em parceria com a Funda\u00e7\u00e3o Quixote, aproximam a comunidade do universo do livro e da leitura, conectando o ambiente acad\u00eamico \u00e0 popula\u00e7\u00e3o em geral. Trata-se de uma parceria duradoura, que j\u00e1 apresenta resultados significativos. \u00c9 com grande satisfa\u00e7\u00e3o que celebramos este momento com todos os piauienses, por meio da realiza\u00e7\u00e3o de pelo menos quatro sal\u00f5es do livro anualmente\u201d, concluiu.<\/p>\n<p dir=\"ltr\" style=\"text-align: justify;\">O SaLiPa conta ainda com o apoio do Governo do Estado do Piau\u00ed, por meio da Secretaria de Estado da Cultura (Secult). Entre os nomes que j\u00e1 passaram pelo evento est\u00e3o Isabel Filardes, Milton Werneck, Benjamim Santos e a historiadora Mary del Priore, que far\u00e1 o encerramento desta edi\u00e7\u00e3o.<\/p>\n<p dir=\"ltr\" style=\"text-align: justify;\">Acesse o instagram <a href=\"https:\/\/www.instagram.com\/salaodolivroparnaiba\/\" target=\"_blank\" rel=\"noopener nofollow\">@salaodolivroparnaiba.<\/a><\/p>\n<p> \t\t\t<script async src=\"\/\/www.instagram.com\/embed.js\"><\/script><\/p>\n","protected":false},"excerpt":{"rendered":"Publicado: 10\/10\/2025 15:12 Atualiza\u00e7\u00e3o mais recente: 10\/10\/2025 15:12 Em mais um ano de parceria, a\u00a0Universidade Federal do Piau\u00ed&hellip;\n","protected":false},"author":2,"featured_media":105358,"comment_status":"","ping_status":"","sticky":false,"template":"","format":"standard","meta":{"footnotes":""},"categories":[143],"tags":[169,114,115,170,32,33],"class_list":{"0":"post-105357","1":"post","2":"type-post","3":"status-publish","4":"format-standard","5":"has-post-thumbnail","7":"category-livros","8":"tag-books","9":"tag-entertainment","10":"tag-entretenimento","11":"tag-livros","12":"tag-portugal","13":"tag-pt"},"share_on_mastodon":{"url":"","error":""},"_links":{"self":[{"href":"https:\/\/www.europesays.com\/pt\/wp-json\/wp\/v2\/posts\/105357","targetHints":{"allow":["GET"]}}],"collection":[{"href":"https:\/\/www.europesays.com\/pt\/wp-json\/wp\/v2\/posts"}],"about":[{"href":"https:\/\/www.europesays.com\/pt\/wp-json\/wp\/v2\/types\/post"}],"author":[{"embeddable":true,"href":"https:\/\/www.europesays.com\/pt\/wp-json\/wp\/v2\/users\/2"}],"replies":[{"embeddable":true,"href":"https:\/\/www.europesays.com\/pt\/wp-json\/wp\/v2\/comments?post=105357"}],"version-history":[{"count":0,"href":"https:\/\/www.europesays.com\/pt\/wp-json\/wp\/v2\/posts\/105357\/revisions"}],"wp:featuredmedia":[{"embeddable":true,"href":"https:\/\/www.europesays.com\/pt\/wp-json\/wp\/v2\/media\/105358"}],"wp:attachment":[{"href":"https:\/\/www.europesays.com\/pt\/wp-json\/wp\/v2\/media?parent=105357"}],"wp:term":[{"taxonomy":"category","embeddable":true,"href":"https:\/\/www.europesays.com\/pt\/wp-json\/wp\/v2\/categories?post=105357"},{"taxonomy":"post_tag","embeddable":true,"href":"https:\/\/www.europesays.com\/pt\/wp-json\/wp\/v2\/tags?post=105357"}],"curies":[{"name":"wp","href":"https:\/\/api.w.org\/{rel}","templated":true}]}}