{"id":105365,"date":"2025-10-10T18:36:12","date_gmt":"2025-10-10T18:36:12","guid":{"rendered":"https:\/\/www.europesays.com\/pt\/105365\/"},"modified":"2025-10-10T18:36:12","modified_gmt":"2025-10-10T18:36:12","slug":"anthony-taylor-culpa-jose-mourinho-pela-pior-situacao-de-abuso-que-viveu-no-futebol","status":"publish","type":"post","link":"https:\/\/www.europesays.com\/pt\/105365\/","title":{"rendered":"Anthony Taylor culpa Jos\u00e9 Mourinho pela &#8220;pior situa\u00e7\u00e3o de abuso&#8221; que viveu no futebol"},"content":{"rendered":"<p>Anthony Taylor viveu a &#8220;pior situa\u00e7\u00e3o em termos de abuso&#8221; na sua carreira como \u00e1rbitro, ap\u00f3s a final da Liga Europa de 2023, ganha pelo Sevilha diante da AS Roma, de Jos\u00e9 Mourinho, no Puskas Arena, em Budapeste. O \u00e1rbitro ingl\u00eas falou pela primeira vez sobre o epis\u00f3dio ocorrido em 2023, numa entrevista \u00e0 BBC.<\/p>\n<p>&#8220;Aquela foi a pior situa\u00e7\u00e3o com que lidei em termos de abuso. N\u00e3o s\u00f3 porque estava a viajar com a minha fam\u00edlia mas tamb\u00e9m porque d\u00e1 destaque ao impacto do comportamento das pessoas nos outros. Mesmo num jogo como aquele, onde n\u00e3o houve realmente grande erros&#8221;, recordou Taylor, afirmando que o objetivo de Mourinho era &#8220;mudar o foco para culpar algu\u00e9m.&#8221;<\/p>\n<p><a href=\"https:\/\/sportinforma.sapo.pt\/\" target=\"_blank\" rel=\"noreferrer noopener nofollow\">&#8211; Tudo sobre o desporto nacional e internacional em<b id=\"s-b-embed-0\" data-stringify-type=\"bold\">\u00a0<\/b><b>sportinforma.sapo.pt &#8211;<\/b><\/a><\/p>\n<p>No final desse jogo, Jos\u00e9 Mourinho, que era treinador da AS Roma, classificou o \u00e1rbitro de &#8220;vergonha&#8221; pelo seu trabalho na final e, mais tarde, abordou mesmo o juiz ingl\u00eas no parque de estacionamento do est\u00e1dio. A situa\u00e7\u00e3o levou v\u00e1rios adeptos da Roma at\u00e9 ao aeroporto de Budapeste, onde Anthony Taylor, na companhia da fam\u00edlia, se preparava para regressar ao Reino Unido. Foram alvos de abusos por parte dos adeptos romanos.<\/p>\n<p>Para o ingl\u00eas, a ira dos adeptos da Roma no aeroporto foi provocada pela atitude de Mourinho.<\/p>\n<p>&#8220;Penso que se formos honestos, sim. Para mim, \u00e9 uma grande fonte de desilus\u00e3o, frustra\u00e7\u00e3o, raiva. Porque raz\u00e3o \u00e9 aceit\u00e1vel, n\u00e3o sei \u2014 porque tenho a certeza de que aqueles indiv\u00edduos n\u00e3o gostariam que algu\u00e9m lhes dissesse aquilo a eles ou aos filhos deles. Faz-te pensar se cometeste um erro ao viajar com a tua fam\u00edlia. J\u00e1 n\u00e3o v\u00e3o a um jogo desde essa altura&#8221;, contou \u00e0 BBC.<\/p>\n<p>Nesse jogo, ganho pelo Sevilha por 4-1 nas grandes penalidades, depois de 1-1 em 120 minutos, Anthony Taylor mostrou 13 amarelos e deu 25 minutos de compensa\u00e7\u00e3o total (incluindo no prolongamento).<\/p>\n","protected":false},"excerpt":{"rendered":"Anthony Taylor viveu a &#8220;pior situa\u00e7\u00e3o em termos de abuso&#8221; na sua carreira como \u00e1rbitro, ap\u00f3s a final&hellip;\n","protected":false},"author":2,"featured_media":105366,"comment_status":"","ping_status":"","sticky":false,"template":"","format":"standard","meta":{"footnotes":""},"categories":[87],"tags":[135,32,33,134],"class_list":{"0":"post-105365","1":"post","2":"type-post","3":"status-publish","4":"format-standard","5":"has-post-thumbnail","7":"category-desporto","8":"tag-desporto","9":"tag-portugal","10":"tag-pt","11":"tag-sports"},"share_on_mastodon":{"url":"","error":""},"_links":{"self":[{"href":"https:\/\/www.europesays.com\/pt\/wp-json\/wp\/v2\/posts\/105365","targetHints":{"allow":["GET"]}}],"collection":[{"href":"https:\/\/www.europesays.com\/pt\/wp-json\/wp\/v2\/posts"}],"about":[{"href":"https:\/\/www.europesays.com\/pt\/wp-json\/wp\/v2\/types\/post"}],"author":[{"embeddable":true,"href":"https:\/\/www.europesays.com\/pt\/wp-json\/wp\/v2\/users\/2"}],"replies":[{"embeddable":true,"href":"https:\/\/www.europesays.com\/pt\/wp-json\/wp\/v2\/comments?post=105365"}],"version-history":[{"count":0,"href":"https:\/\/www.europesays.com\/pt\/wp-json\/wp\/v2\/posts\/105365\/revisions"}],"wp:featuredmedia":[{"embeddable":true,"href":"https:\/\/www.europesays.com\/pt\/wp-json\/wp\/v2\/media\/105366"}],"wp:attachment":[{"href":"https:\/\/www.europesays.com\/pt\/wp-json\/wp\/v2\/media?parent=105365"}],"wp:term":[{"taxonomy":"category","embeddable":true,"href":"https:\/\/www.europesays.com\/pt\/wp-json\/wp\/v2\/categories?post=105365"},{"taxonomy":"post_tag","embeddable":true,"href":"https:\/\/www.europesays.com\/pt\/wp-json\/wp\/v2\/tags?post=105365"}],"curies":[{"name":"wp","href":"https:\/\/api.w.org\/{rel}","templated":true}]}}