{"id":105371,"date":"2025-10-10T18:41:08","date_gmt":"2025-10-10T18:41:08","guid":{"rendered":"https:\/\/www.europesays.com\/pt\/105371\/"},"modified":"2025-10-10T18:41:08","modified_gmt":"2025-10-10T18:41:08","slug":"jovem-italiana-matou-gemeos-recem-nascidos-e-escondeu-os-num-armario","status":"publish","type":"post","link":"https:\/\/www.europesays.com\/pt\/105371\/","title":{"rendered":"Jovem italiana matou g\u00e9meos rec\u00e9m-nascidos e escondeu-os num arm\u00e1rio"},"content":{"rendered":"<p>A investiga\u00e7\u00e3o come\u00e7ou em julho do ano passado, quando os pais de Sara Genovese encontraram os corpos dos dois rec\u00e9m-nascidos enrolados num cobertor dentro de um arm\u00e1rio na sua casa em Pellaro.<\/p>\n<p data-remotead-prev-elm=\"true\" data-remotead-elm-id=\"inread\">Depois de notificada, a Pol\u00edcia italiana dedicou-se a ver imagens de c\u00e2maras de vigil\u00e2ncia da zona. Os investigadores determinaram que a jovem estava sozinha dentro de casa entre 19 horas e 20.30 horas do dia 8 de julho de 2024, hor\u00e1rio presumido do nascimento e da morte das crian\u00e7as.<\/p>\n<p>Vest\u00edgios org\u00e2nicos apreendidos pelas autoridades numa cl\u00ednica onde Sara Genovese foi submetida a uma cirurgia de curetagem, procedimento m\u00e9dico para raspar e remover res\u00edduos de tecido da cavidade uterina, confirmaram que os beb\u00e9s eram seus filhos, nasceram vivos e morreram asfixiados.<\/p>\n<p data-remotead-prev-elm=\"true\" data-remotead-elm-id=\"centro1\">Segundo os relatos de familiares, que n\u00e3o teriam conhecimento do que aconteceu na casa, tamb\u00e9m se constatou que a jovem tinha sido hospitalizada pouco antes de os beb\u00e9s serem encontrados devido a uma hemorragia grave. A mulher reclamou apenas de desconforto f\u00edsico geral e dores abdominais, negando ter dado \u00e0 luz.<\/p>\n<p>Uma an\u00e1lise do telem\u00f3vel de Sara Genovese revelaram, nas conversas com o namorado, um infantic\u00eddio anterior. O casal ter\u00e1 concebido um beb\u00e9 em 2022 e as autoridades acusam a mulher de ter matado a crian\u00e7a logo ap\u00f3s o parto. Nas conversas, a jovem e o namorado discutiam porque Sara Genovese se recusava a ficar com o beb\u00e9. Agora, a Pol\u00edcia procura tamb\u00e9m os restos mortais dessa crian\u00e7a, que ter\u00e1 sido enterrada pela italiana num terreno n\u00e3o muito longe de casa.<\/p>\n","protected":false},"excerpt":{"rendered":"A investiga\u00e7\u00e3o come\u00e7ou em julho do ano passado, quando os pais de Sara Genovese encontraram os corpos dos&hellip;\n","protected":false},"author":2,"featured_media":105372,"comment_status":"","ping_status":"","sticky":false,"template":"","format":"standard","meta":{"footnotes":""},"categories":[50],"tags":[27,28,15,16,14,5564,25348,233,25,26,21,22,62,12,13,19,20,23,24,17,18,29,30,31,63,64,65],"class_list":{"0":"post-105371","1":"post","2":"type-post","3":"status-publish","4":"format-standard","5":"has-post-thumbnail","7":"category-mundo","8":"tag-breaking-news","9":"tag-breakingnews","10":"tag-featured-news","11":"tag-featurednews","12":"tag-headlines","13":"tag-homicidio","14":"tag-infanticidio","15":"tag-italia","16":"tag-latest-news","17":"tag-latestnews","18":"tag-main-news","19":"tag-mainnews","20":"tag-mundo","21":"tag-news","22":"tag-noticias","23":"tag-noticias-principais","24":"tag-noticiasprincipais","25":"tag-principais-noticias","26":"tag-principaisnoticias","27":"tag-top-stories","28":"tag-topstories","29":"tag-ultimas","30":"tag-ultimas-noticias","31":"tag-ultimasnoticias","32":"tag-world","33":"tag-world-news","34":"tag-worldnews"},"share_on_mastodon":{"url":"","error":""},"_links":{"self":[{"href":"https:\/\/www.europesays.com\/pt\/wp-json\/wp\/v2\/posts\/105371","targetHints":{"allow":["GET"]}}],"collection":[{"href":"https:\/\/www.europesays.com\/pt\/wp-json\/wp\/v2\/posts"}],"about":[{"href":"https:\/\/www.europesays.com\/pt\/wp-json\/wp\/v2\/types\/post"}],"author":[{"embeddable":true,"href":"https:\/\/www.europesays.com\/pt\/wp-json\/wp\/v2\/users\/2"}],"replies":[{"embeddable":true,"href":"https:\/\/www.europesays.com\/pt\/wp-json\/wp\/v2\/comments?post=105371"}],"version-history":[{"count":0,"href":"https:\/\/www.europesays.com\/pt\/wp-json\/wp\/v2\/posts\/105371\/revisions"}],"wp:featuredmedia":[{"embeddable":true,"href":"https:\/\/www.europesays.com\/pt\/wp-json\/wp\/v2\/media\/105372"}],"wp:attachment":[{"href":"https:\/\/www.europesays.com\/pt\/wp-json\/wp\/v2\/media?parent=105371"}],"wp:term":[{"taxonomy":"category","embeddable":true,"href":"https:\/\/www.europesays.com\/pt\/wp-json\/wp\/v2\/categories?post=105371"},{"taxonomy":"post_tag","embeddable":true,"href":"https:\/\/www.europesays.com\/pt\/wp-json\/wp\/v2\/tags?post=105371"}],"curies":[{"name":"wp","href":"https:\/\/api.w.org\/{rel}","templated":true}]}}