{"id":105373,"date":"2025-10-10T18:42:20","date_gmt":"2025-10-10T18:42:20","guid":{"rendered":"https:\/\/www.europesays.com\/pt\/105373\/"},"modified":"2025-10-10T18:42:20","modified_gmt":"2025-10-10T18:42:20","slug":"dermatologia-do-egas-moniz-poe-todos-em-perigo","status":"publish","type":"post","link":"https:\/\/www.europesays.com\/pt\/105373\/","title":{"rendered":"Dermatologia do Egas Moniz p\u00f5e todos em perigo"},"content":{"rendered":"<p>O argumento do \u2018filme\u2019 \u00e9 assustador e \u00e0 medida que vamos assistindo \u00e0s filmagens vamos ficando ainda mais incr\u00e9dulos. Tudo ter\u00e1 come\u00e7ado pela gra\u00e7a do ano de 2020, quando as medi\u00e7\u00f5es da \u00abqualidade do ar ambiente revelaram n\u00edveis alterados de formalde\u00edco e de compostos org\u00e2nicos (COVs), refor\u00e7ando a perce\u00e7\u00e3o de risco e a necessidade urgente de a\u00e7\u00e3o\u00bb. A cena passa-se, na vida real, na \u00e1rea do Servi\u00e7o de Dermatovenereologia do Hospital de Egas Moniz, da Unidade Local de Sa\u00fade de Lisboa Ocidental (ULSLO).<\/p>\n<p>Consultando o Dr. Google, percebemos que o formalde\u00edco \u00e9 um \u00abg\u00e1s incolor e t\u00f3xico, irritante, sensibilizante da pele que pode causar problemas respirat\u00f3rios e cancro, sendo perigoso em contacto com a pele, olhos e por inala\u00e7\u00e3o\u00bb. Quatro anos depois, em mar\u00e7o de 2024, o Servi\u00e7o de Utiliza\u00e7\u00e3o Comum dos Hospitais (SUCH) fez testes no local e concluiu pela exist\u00eancia de \u00abelevados valores apresentados na Qualidade do Ar\u00bb. Mais uma vez, aparentemente, pouco ou nada se fez, mas, a 26 de setembro do mesmo ano, o Servi\u00e7o de Seguran\u00e7a e Sa\u00fade no Trabalho (SSST) deslocou-se ao local para tentar perceber os elevados valores apresentados. A 9 de outubro, a t\u00e9cnica Ana Realinho, do SSST, apresentou um relat\u00f3rio, emitindo o seu parecer: \u00abTodo o edificado requer obras de reabilita\u00e7\u00e3o profundas, com urgente necessidade de remo\u00e7\u00e3o da cobertura em fibrocimento. A exist\u00eancia deste material no telhado inviabiliza a possibilidade de interven\u00e7\u00e3o no teto falso de aglomerado de corti\u00e7a e limita toda a possibilidade de reabilita\u00e7\u00e3o do edif\u00edcio. Urge a realiza\u00e7\u00e3o de obras de requalifica\u00e7\u00e3o do sistema de drenagem de \u00e1guas residuais, assim como a melhoria dos sistema de ventila\u00e7\u00e3o de todo o edif\u00edcio\u00bb.<\/p>\n<p>Ana Realinho n\u00e3o podia ser mais clara: \u00abTendo em conta a informa\u00e7\u00e3o apresentada, considera o Servi\u00e7o de Seguran\u00e7a e Sa\u00fade no Trabalho (SSST) que n\u00e3o est\u00e3o reunidas as necess\u00e1rias condi\u00e7\u00f5es de seguran\u00e7a, sa\u00fade e salubridade nos diferentes espa\u00e7os onde atualmente se encontra instalado o servi\u00e7o de Dermatologia do Hospital Egas Moniz, podendo comprometer a seguran\u00e7a de todos profissionais\/utentes que desempenham atividades regulares neste espa\u00e7o. Face ao exposto, \u00e9 parecer deste SSST que o Servi\u00e7o de Dermatologia deva ser realocado com car\u00e1ter de urg\u00eancia, quer num espa\u00e7o existente no hospital ou num espa\u00e7o provis\u00f3rio (por exemplo contentores)\u00bb.<\/p>\n<p><strong>Gr\u00e1vidas afastadas<br \/><\/strong>Passemos agora a palavra aos profissionais do servi\u00e7o de Dermatovenereologia do Egas Moniz, que escreveram uma carta, datada de 30 de julho do corrente ano, \u00e0 ministra do Trabalho, Solidariedade e Seguran\u00e7a Social (MTSSS). Na missiva, os profissionais do Egas Moniz fazem a cronologia dos acontecimentos, e refor\u00e7am que \u00aba divulga\u00e7\u00e3o deste relat\u00f3rio [de Ana Realinho] aos profissionais do servi\u00e7o gerou uma onda de preocupa\u00e7\u00e3o e ang\u00fastia. Perante este cen\u00e1rio, a SSST foi questionada acerca da seguran\u00e7a da perman\u00eancia dos profissionais no edif\u00edcio, com \u00eanfase para a m\u00e9dica interna de forma\u00e7\u00e3o espec\u00edfica, no final da sua gravidez. Na sequ\u00eancia dessa interpela\u00e7\u00e3o, a colega acabou por ser afastada do servi\u00e7o de Dermatovenereologia pelo SSST por risco toxicol\u00f3gico, obrigando-a a interromper a sua forma\u00e7\u00e3o m\u00e9dica. Quando questionados acerca das medidas de prote\u00e7\u00e3o foram recomendadas medidas vagas, incluindo utiliza\u00e7\u00e3o de m\u00e1scara P2\u00bb.<\/p>\n<p>Continuemos na cronologia enviada ao MTSSS. Em novembro de 2024, o Sindicato Independente dos M\u00e9dicos (SIM) \u00abativa o processo, exigindo interven\u00e7\u00e3o urgente\u00bb. Para se ter uma ideia, os relat\u00f3rios feitos cont\u00eam v\u00e1rias fotos, onde se fala, entre outras \u2018desgra\u00e7as\u2019, da presen\u00e7a de larvas, excrementos de roedores, e at\u00e9 um \u00abcad\u00e1ver de um animal (n\u00e3o identificado)\u00bb no espa\u00e7o superior entre o teto falso e o telhado em fibrocimento.<\/p>\n<p>A Autoridade para as Condi\u00e7\u00f5es do Trabalho (ACT) foi chamada devido \u00e0 \u00abaus\u00eancia de implementa\u00e7\u00e3o das medidas de mitiga\u00e7\u00e3o vigentes no relat\u00f3rio da SSST de outubro\u00bb. Segundo os profissionais que assinam a missiva, a ACT visitou o servi\u00e7o \u00absem realizar medi\u00e7\u00f5es independentes, baseando-se exclusivamente em relat\u00f3rios da ULSLO\u00bb. A visita aconteceu a 17 de janeiro do corrente ano. A 25 de fevereiro, dizem os profissionais, \u00aba ACT comunica medidas m\u00ednimas (c\u00e2mara de extra\u00e7\u00e3o localizada e limpeza de esgotos di\u00e1ria) e menciona suposta futura remo\u00e7\u00e3o programada do telhado de fibrocimento e das placas de corti\u00e7a. Sugeriram ainda nova medi\u00e7\u00e3o dos n\u00edveis de COVs\u00bb.<\/p>\n<p>O Sindicato dos M\u00e9dicos Independentes regressa, de novo, \u00e0 carga, pedindo que o conselho de administra\u00e7\u00e3o da ULS Lisboa Ocidental implemente as medidas \u00abcontidas no parecer de 9 de outubro [de Ana Realinho]\u00bb.<\/p>\n<p><strong>Alhos e bugalhos<br \/><\/strong>A ULS de Lisboa Ocidental responde: \u00abComungamos, de forma gen\u00e9rica, com as preocupa\u00e7\u00f5es nele expressas, nomeadamente em que no seio da ULSLO seja sempre garantida a melhor qualidade e seguran\u00e7a para os utentes e profissionais\u00bb. Sobre os perigos denunciados, a ULS Lisboa Ocidental explica que \u00aba necessidade de se intervir nas instala\u00e7\u00f5es do Servi\u00e7o de Dermatologia ja estava identificada e j\u00e1 foi alvo da elabora\u00e7\u00e3o de um projeto de interven\u00e7\u00e3o, pelo que n\u00e3o nos revemos na alegada in\u00e9rcia relativa \u00e0 mesma\u00bb.<\/p>\n<p>Estamos a falar de profissionais de Sa\u00fade e n\u00e3o de professores de portugu\u00eas, mas parece evidente que as perguntas n\u00e3o jogam com as respostas. \u00abAcresce que, e reconhecendo e n\u00e3o se questionando a necessidade da interven\u00e7\u00e3o mais profunda, foram tomadas medidas para melhorar as condi\u00e7\u00f5es para utentes e profissionais, enquanto a mesma n\u00e3o se concretizasse\u00bb, diz o conselho de administra\u00e7\u00e3o que acrescenta que \u00aba interven\u00e7\u00e3o necess\u00e1ria foi alvo de atribui\u00e7\u00e3o de financiamento via PRR, atrav\u00e9s de aviso publicado no passado dia 19 do m\u00eas corrente, pelo que todo o projeto se ir\u00e1 desenvolver nos pr\u00f3ximos meses\u00bb.<\/p>\n<p>Este aviso descansou os profissionais que trabalham no Egas Moniz? Negativo. Na carta de 30 de julho, dizem: \u00abA gravidade desta situa\u00e7\u00e3o \u00e9 indesment\u00edvel. Trabalhamos h\u00e1 v\u00e1rios anos num espa\u00e7o em que nos sentimos inseguros e que h\u00e1 mais de 1 ano est\u00e1 oficialmente considerado como tal, onde: Gr\u00e1vidas e lactantes n\u00e3o podem entrar; A forma\u00e7\u00e3o m\u00e9dica \u00e9 interrompida; A qualidade do ar \u00e9 duvidosa e a estrutura f\u00edsica est\u00e1 contaminada e degradada; N\u00e3o h\u00e1 di\u00e1logo institucional, e os riscos em que incorremos n\u00e3o nos s\u00e3o explicados; Os profissionais sentem-se desconsiderados. Dois colegas rec\u00e9m-especialistas abandonaram o servi\u00e7o neste contexto, e \u00e9 expect\u00e1vel que concursos futuros fiquem desertos, dada a reputa\u00e7\u00e3o que a situa\u00e7\u00e3o j\u00e1 atingiu. Sabemos ainda que existem outros profissionais no limite da sua resist\u00eancia\u00bb, para conclu\u00edrem que \u00abcontinuamos a trabalhar sem saber o que respiramos, onde pisamos, nem se amanh\u00e3 ser\u00e1 seguro regressar. Perante a exposi\u00e7\u00e3o prolongada a subst\u00e2ncias potencialmente t\u00f3xicas e cancer\u00edgenas, importa perguntar, com toda a seriedade: quem se responsabilizar\u00e1, no futuro, se algum de n\u00f3s desenvolver uma doen\u00e7a grave, como uma neoplasia?\u00bb. <\/p>\n","protected":false},"excerpt":{"rendered":"O argumento do \u2018filme\u2019 \u00e9 assustador e \u00e0 medida que vamos assistindo \u00e0s filmagens vamos ficando ainda mais&hellip;\n","protected":false},"author":2,"featured_media":105374,"comment_status":"","ping_status":"","sticky":false,"template":"","format":"standard","meta":{"footnotes":""},"categories":[10],"tags":[27,28,4805,15,16,14,25349,25,26,21,22,12,13,19,20,32,23,24,33,117,17,18,29,30,31],"class_list":{"0":"post-105373","1":"post","2":"type-post","3":"status-publish","4":"format-standard","5":"has-post-thumbnail","7":"category-portugal","8":"tag-breaking-news","9":"tag-breakingnews","10":"tag-dermatologia","11":"tag-featured-news","12":"tag-featurednews","13":"tag-headlines","14":"tag-hospital-egas-moniz","15":"tag-latest-news","16":"tag-latestnews","17":"tag-main-news","18":"tag-mainnews","19":"tag-news","20":"tag-noticias","21":"tag-noticias-principais","22":"tag-noticiasprincipais","23":"tag-portugal","24":"tag-principais-noticias","25":"tag-principaisnoticias","26":"tag-pt","27":"tag-saude","28":"tag-top-stories","29":"tag-topstories","30":"tag-ultimas","31":"tag-ultimas-noticias","32":"tag-ultimasnoticias"},"share_on_mastodon":{"url":"","error":""},"_links":{"self":[{"href":"https:\/\/www.europesays.com\/pt\/wp-json\/wp\/v2\/posts\/105373","targetHints":{"allow":["GET"]}}],"collection":[{"href":"https:\/\/www.europesays.com\/pt\/wp-json\/wp\/v2\/posts"}],"about":[{"href":"https:\/\/www.europesays.com\/pt\/wp-json\/wp\/v2\/types\/post"}],"author":[{"embeddable":true,"href":"https:\/\/www.europesays.com\/pt\/wp-json\/wp\/v2\/users\/2"}],"replies":[{"embeddable":true,"href":"https:\/\/www.europesays.com\/pt\/wp-json\/wp\/v2\/comments?post=105373"}],"version-history":[{"count":0,"href":"https:\/\/www.europesays.com\/pt\/wp-json\/wp\/v2\/posts\/105373\/revisions"}],"wp:featuredmedia":[{"embeddable":true,"href":"https:\/\/www.europesays.com\/pt\/wp-json\/wp\/v2\/media\/105374"}],"wp:attachment":[{"href":"https:\/\/www.europesays.com\/pt\/wp-json\/wp\/v2\/media?parent=105373"}],"wp:term":[{"taxonomy":"category","embeddable":true,"href":"https:\/\/www.europesays.com\/pt\/wp-json\/wp\/v2\/categories?post=105373"},{"taxonomy":"post_tag","embeddable":true,"href":"https:\/\/www.europesays.com\/pt\/wp-json\/wp\/v2\/tags?post=105373"}],"curies":[{"name":"wp","href":"https:\/\/api.w.org\/{rel}","templated":true}]}}