{"id":105386,"date":"2025-10-10T19:00:28","date_gmt":"2025-10-10T19:00:28","guid":{"rendered":"https:\/\/www.europesays.com\/pt\/105386\/"},"modified":"2025-10-10T19:00:28","modified_gmt":"2025-10-10T19:00:28","slug":"donald-trump-a-europa-e-as-suas-suspeicoes","status":"publish","type":"post","link":"https:\/\/www.europesays.com\/pt\/105386\/","title":{"rendered":"Donald Trump, a Europa e as suas suspei\u00e7\u00f5es"},"content":{"rendered":"<p class=\"MsoNormal\">Os europeus suspeitam que Donald Trump, recorrendo a uma esp\u00e9cie de cilada bem conjurada, os esteja a empurrar para um beco sem sa\u00edda.\u00a0 Pasmem-se os mais incr\u00e9dulos, Trump, acabado de sair de um encontro com Zelensky, em Nova Iorque, escreve nas redes sociais que a guerra da R\u00fassia \u00e9 um desastre e que a Ucr\u00e2nia pode vencer. Vai ainda mais longe, \u201cse devidamente apoiada a Ucr\u00e2nia poder\u00e1 inclusivamente recuperar todos os territ\u00f3rios que lhe foram ilegalmente anexados\u201d. Tais declara\u00e7\u00f5es causaram, como de resto seria de esperar, o p\u00e2nico geral em Moscovo, levando o t\u00e3o infatig\u00e1vel qu\u00e3o sat\u00edrico, Dmitry Medvedev a publicar quase de imediato uma postagem dizendo que Donald Trump mudar\u00e1 de opini\u00e3o e que voltar\u00e1 a apoiar a causa da R\u00fassia, ali\u00e1s como sempre tem feito. Estar\u00e1 desta feita Donald Trump a ser verdadeiro ou a usar somente um artif\u00edcio destinado a convencer Putin a sentar-se \u00e0 mesa das negocia\u00e7\u00f5es? S\u00e3o d\u00favidas leg\u00edtimas e que assaltam igualmente a mente dos l\u00edderes europeus e aumentam os n\u00edveis, j\u00e1 em si altos, de desconfian\u00e7a.<\/p>\n<p class=\"MsoNormal\">De qualquer forma o presidente norte-americano coloca uma condi\u00e7\u00e3o pr\u00e9via: A Ucr\u00e2nia sair\u00e1 vencedora desde que os europeus a apoiem: di-lo, pois Trump pretende continuar a disponibilizar armamento produzido nos EUA, desde que a NATO pague. Entenda-se, os pa\u00edses europeus paguem, servindo a NATO como uma esp\u00e9cie de hub log\u00edstico. Em linguagem comum Trump \u201cchuta a bola para o meio-campo europeu\u201d.<\/p>\n<p class=\"MsoNormal\">Hoje j\u00e1 n\u00e3o restam d\u00favidas, o objetivo \u00faltimo da invas\u00e3o da Ucr\u00e2nia sempre foi a sua sujei\u00e7\u00e3o integral, a sua completa extin\u00e7\u00e3o enquanto estado soberano. Por\u00e9m, muito perto de terminar o quarto ano desta guerra sangrenta, a R\u00fassia tem na sua posse efetiva menos territ\u00f3rio ucraniano do que tinha no Ver\u00e3o de 2022. No espa\u00e7o mar\u00edtimo do Mar Negro, a R\u00fassia sofre uma derrota not\u00e1vel, diria mesmo com sabor amargo a humilha\u00e7\u00e3o. A sua grande base naval de Sebastopol deixou pura e simplesmente de ser vi\u00e1vel face aos ataques dos drones de superf\u00edcie e subsuperf\u00edcie ucranianos e aos m\u00edsseis das classes storm shadow, ATACMS e Neptuno. A esquadra russa do Mar Negro acabou acantonada de uma forma embara\u00e7osa no extremo leste deste mar interior \u2013 no Porto russo mais long\u00ednquo, em Novorosiysky. A t\u00e3o anunciada ofensiva russa de ver\u00e3o redundou num aut\u00eantico fiasco. A Ucr\u00e2nia recupera cerca de 320 quil\u00f3metros quadrados no Donetsk maioritariamente nas regi\u00f5es de Pokrovsk e Dobropillia justamente onde as for\u00e7as da Federa\u00e7\u00e3o Russa realizam o seu ataque principal. Muitas das refinarias russas desde finais de junho passado t\u00eam vindo a ser alvo de constantes ataques por parte da Ucr\u00e2nia. Na Crimeia, sistemas de radar de longo alcance, armas antia\u00e9reas, bases navais e a\u00e9reas t\u00eam vindo a ser fustigadas pelos drones e m\u00edsseis ucranianos expondo colossais vulnerabilidades.\u00a0 O complexo log\u00edstico, os seus armaz\u00e9ns e as suas linhas de comunica\u00e7\u00f5es ferrovi\u00e1rias e rodovi\u00e1rias t\u00eam sido atacadas praticamente todas as noites. As refinarias n\u00e3o conseguem ser repostas a funcionar \u2013 e quando o s\u00e3o voltam a ser atacadas e nas esta\u00e7\u00f5es de servi\u00e7o o combust\u00edvel escasseia ou deixa mesmo de existir. A economia russa vai dando sinais inequ\u00edvocos de decl\u00ednio.<\/p>\n<p class=\"MsoNormal\">\u00c9 minha convic\u00e7\u00e3o que a Ucr\u00e2nia teria logrado uma vit\u00f3ria militar em finais de 2022 ou mesmo mais tarde no Ver\u00e3o de 2023 caso tivesse obtido dos seus aliados ocidentais tudo aquilo de que necessitava naqueles momentos e sem quaisquer tipos de limita\u00e7\u00f5es de emprego, vulgo \u201ccaveats\u201d. Infelizmente, excelentes oportunidades foram perdidas e a t\u00e3o necess\u00e1ria iniciativa no campo de batalha foi-se gradualmente transferindo para o lado russo. Do que se tratou ent\u00e3o, podemos diz\u00ea-lo sem meias palavras, foi mesmo falta de coragem e um medo irracional de uma potencial escalada estribada nas constantes amea\u00e7as que a R\u00fassia veiculava nas suas opera\u00e7\u00f5es de informa\u00e7\u00e3o \u2013 propaganda \u2013 visando, em ess\u00eancia, inibir o bloco ocidental de apoiar eficazmente a Ucr\u00e2nia. Foi um erro crasso n\u00e3o ter aproveitado a iniciativa, pois esta guerra sangrenta cujo desfecho ainda n\u00e3o se descortina j\u00e1 poderia ter sido conclu\u00edda favoravelmente.\u00a0 <\/p>\n<p class=\"MsoNormal\">Justamente porque se encontra ciente de que os EUA de Donald Trump n\u00e3o estar\u00e3o dispon\u00edveis para continuar a apoiar com fundos pr\u00f3prios o esfor\u00e7o de guerra ucraniano, o chanceler alem\u00e3o, Friederich Merz, prop\u00f5e a utiliza\u00e7\u00e3o pela Ucr\u00e2nia de cerca de 170 mil milh\u00f5es de euros dos fundos soberanos russos congelados e depositados maioritariamente no Euroclear belga, substituindo-os por obriga\u00e7\u00f5es emitidas pela Uni\u00e3o Europeia. Altera at\u00e9 mesmo o anterior posicionamento alem\u00e3o, porque tem para si que a Casa Branca n\u00e3o mais apoiar\u00e1 financeiramente a Ucr\u00e2nia; e assim sendo, presume, na qualidade de maior economia da EU e terceira do mundo, que o fardo mais pesado possa mesmo recair sobre a Alemanha.<\/p>\n<p class=\"MsoNormal\">Os mais altos dirigentes europeus reuniram-se na semana passada em Copenhaga para discutir esta e outras propostas. Esta proposi\u00e7\u00e3o, diga-se de passagem, \u00e9 muito semelhante \u00e0 advogada pelos EUA que s\u00e3o claramente favor\u00e1veis ao confisco puro e duro dos fundos russos \u2013 e \u00e0 sua coloca\u00e7\u00e3o \u00e0 disposi\u00e7\u00e3o da Ucr\u00e2nia. Zelensky, antecipadamente, fez saber que precisa, para financiar o esfor\u00e7o de guerra ao longo de 2026, de cerca de 120 mil milh\u00f5es de d\u00f3lares. \u00c0 Ucr\u00e2nia faltam 60 mil milh\u00f5es que espera venham a ser financiados pelos seus aliados europeus. Esses 60 mil milh\u00f5es precisam de ser rapidamente encontrados. O tempo urge e a colabora\u00e7\u00e3o neste esfor\u00e7o financeiro por parte dos EUA est\u00e1 completamente posta de parte. Definitivamente trata-se de um problema para o qual que os europeus e muito particularmente a Uni\u00e3o Europeia ter\u00e3o de encontrar solu\u00e7\u00e3o. Sabemos que tal proposta, apontando para o confisco dos fundos soberanos russos e sua substitui\u00e7\u00e3o por obriga\u00e7\u00f5es emitidas pela UE, a ser aprovada, mais n\u00e3o \u00e9 do que uma forma engenhosa de ultrapassar imperativos de ordem jur\u00eddica e que causar\u00e1 grande desconforto e apreens\u00e3o no mundo russo. Dmitry Medvedev j\u00e1 fez saber que perante tal decis\u00e3o a R\u00fassia recorrer\u00e1 a todos os meios legais nacionais e internacionais e mesmo n\u00e3o legais para reaver os seus fundos e amea\u00e7a punir seja de que forma for os infratores que desrespeitem as leis internacionais. Imagine-se A R\u00fassia a evocar a lei internacional!<\/p>\n<p class=\"MsoNormal\">A grande quest\u00e3o que aqui se coloca \u00e9 de saber at\u00e9 quando vamos ser complacentes com um ditador sanguin\u00e1rio, procurado pela justi\u00e7a internacional, que n\u00e3o se importa de condenar diariamente \u00e0 morte popula\u00e7\u00f5es indefesas em nome de objetivos claramente fora de tempo como o de reconstruir um imp\u00e9rio e de readquirir o estatuto de superpot\u00eancia a n\u00edvel mundial. Por que raz\u00e3o persistir em respeitar preceitos legais e honorabilidades comportamentais com quem se comporta como um verdadeiro criminoso sem escr\u00fapulos. \u201cDeviat a solitis regula cuncta viis\u201d, ou seja, \u201ctoda a regra se desvia dos caminhos habituais\u201d, o mesmo \u00e9 dizer: \u201cn\u00e3o h\u00e1 regra sem exce\u00e7\u00e3o\u201d. J\u00e1 assim o era na antiga Roma onde se aceitava que, mesmo as leis ou regras mais universais, podem ser alvo de exce\u00e7\u00f5es e como tal n\u00e3o se aplicam rigidamente a todas as situa\u00e7\u00f5es.\u00a0 Quem faz a lei \u00e9 o homem e como tal \u00e9 ao homem que utilizando o senso comum compete definir as exce\u00e7\u00f5es. E esta dever\u00e1 constituir mesmo uma exce\u00e7\u00e3o. H\u00e1 muito tempo que os fundos soberanos russos deveriam ter sido confiscados. Efetivamente ainda n\u00e3o o foram; todavia \u00e9 minha convic\u00e7\u00e3o que l\u00e1 chegaremos e assim se far\u00e1 justi\u00e7a, atrav\u00e9s da aplica\u00e7\u00e3o da exce\u00e7\u00e3o \u00e0 regra, no uso do mais elementar bom senso.<\/p>\n<p class=\"MsoNormal\">Putin persevera em condicionar a nossa vida, continua a testar a nossa capacidade de rea\u00e7\u00e3o. A amea\u00e7a de drones de vigil\u00e2ncia passou a ter uma presen\u00e7a di\u00e1ria junto aos aeroportos europeus. Na Mold\u00e1via tentou. Mas ainda n\u00e3o foi desta feita que conseguiu colocar no respetivo governo um procurador seu. A Ge\u00f3rgia est\u00e1 de novo em estado de grande agita\u00e7\u00e3o: em Tbilisi, no fim de semana passado, pessoas de todo o pa\u00eds reuniram-se para protestar contra o partido pr\u00f3-R\u00fassia no poder \u2013 os insurgentes chegaram a invadir o p\u00e1tio da resid\u00eancia presidencial. As pessoas gritavam &#8220;Revolu\u00e7\u00e3o&#8221;, segurando bandeiras georgianas e cartazes com slogans antigovernamentais. Por quanto mais tempo vamos tolerar tudo isto? Confisquem-se de uma vez por todas os fundos soberanos russos e entreguemo-los \u00e0 Ucr\u00e2nia.<\/p>\n<p class=\"MsoNormal\">S\u00f3 assim Putin entender\u00e1 que a Ocidente algo mudou radicalmente e que, afinal, tamb\u00e9m conhecemos e dominamos a linguagem da for\u00e7a.<\/p>\n<p class=\"MsoNormal\">Major General\/\/Escreve \u00e0 sexta-feira no SAPO<\/p>\n","protected":false},"excerpt":{"rendered":"Os europeus suspeitam que Donald Trump, recorrendo a uma esp\u00e9cie de cilada bem conjurada, os esteja a empurrar&hellip;\n","protected":false},"author":2,"featured_media":105387,"comment_status":"","ping_status":"","sticky":false,"template":"","format":"standard","meta":{"footnotes":""},"categories":[50],"tags":[27,28,15,16,14,25,26,21,22,62,12,13,19,20,23,24,17,18,29,30,31,63,64,65],"class_list":{"0":"post-105386","1":"post","2":"type-post","3":"status-publish","4":"format-standard","5":"has-post-thumbnail","7":"category-mundo","8":"tag-breaking-news","9":"tag-breakingnews","10":"tag-featured-news","11":"tag-featurednews","12":"tag-headlines","13":"tag-latest-news","14":"tag-latestnews","15":"tag-main-news","16":"tag-mainnews","17":"tag-mundo","18":"tag-news","19":"tag-noticias","20":"tag-noticias-principais","21":"tag-noticiasprincipais","22":"tag-principais-noticias","23":"tag-principaisnoticias","24":"tag-top-stories","25":"tag-topstories","26":"tag-ultimas","27":"tag-ultimas-noticias","28":"tag-ultimasnoticias","29":"tag-world","30":"tag-world-news","31":"tag-worldnews"},"share_on_mastodon":{"url":"","error":""},"_links":{"self":[{"href":"https:\/\/www.europesays.com\/pt\/wp-json\/wp\/v2\/posts\/105386","targetHints":{"allow":["GET"]}}],"collection":[{"href":"https:\/\/www.europesays.com\/pt\/wp-json\/wp\/v2\/posts"}],"about":[{"href":"https:\/\/www.europesays.com\/pt\/wp-json\/wp\/v2\/types\/post"}],"author":[{"embeddable":true,"href":"https:\/\/www.europesays.com\/pt\/wp-json\/wp\/v2\/users\/2"}],"replies":[{"embeddable":true,"href":"https:\/\/www.europesays.com\/pt\/wp-json\/wp\/v2\/comments?post=105386"}],"version-history":[{"count":0,"href":"https:\/\/www.europesays.com\/pt\/wp-json\/wp\/v2\/posts\/105386\/revisions"}],"wp:featuredmedia":[{"embeddable":true,"href":"https:\/\/www.europesays.com\/pt\/wp-json\/wp\/v2\/media\/105387"}],"wp:attachment":[{"href":"https:\/\/www.europesays.com\/pt\/wp-json\/wp\/v2\/media?parent=105386"}],"wp:term":[{"taxonomy":"category","embeddable":true,"href":"https:\/\/www.europesays.com\/pt\/wp-json\/wp\/v2\/categories?post=105386"},{"taxonomy":"post_tag","embeddable":true,"href":"https:\/\/www.europesays.com\/pt\/wp-json\/wp\/v2\/tags?post=105386"}],"curies":[{"name":"wp","href":"https:\/\/api.w.org\/{rel}","templated":true}]}}