{"id":105392,"date":"2025-10-10T19:05:32","date_gmt":"2025-10-10T19:05:32","guid":{"rendered":"https:\/\/www.europesays.com\/pt\/105392\/"},"modified":"2025-10-10T19:05:32","modified_gmt":"2025-10-10T19:05:32","slug":"livro-sobre-o-luto-e-a-pandemia-vence-a-2a-edicao-do-premio-caminhos-de-literatura-conheca","status":"publish","type":"post","link":"https:\/\/www.europesays.com\/pt\/105392\/","title":{"rendered":"Livro sobre o luto e a pandemia vence a 2\u00aa edi\u00e7\u00e3o do Pr\u00eamio Caminhos de Literatura; conhe\u00e7a"},"content":{"rendered":"<p data-component-name=\"paragraph\" class=\"styles__ParagraphStyled-sc-6adecn-0 gsLklW  \">Antes mesmo de ser alfabetizada, a escritora e advogada<strong> Paula Novais<\/strong> j\u00e1 brincava de escrever: \u201cGostava de \u2018rabiscar horizontalmente\u2019, emulando a escrita cursiva dos adultos\u201d, ela conta. H\u00e1 alguns dias, Paula descobriu que seu primeiro romance, Gaiolas de Concreto Armado, foi escolhido como vencedor da segunda edi\u00e7\u00e3o do <strong>Pr\u00eamio Caminhos de Literatura<\/strong>. <\/p>\n<p data-component-name=\"paragraph\" class=\"styles__ParagraphStyled-sc-6adecn-0 gsLklW  \">O concurso liter\u00e1rio premia romances in\u00e9ditos de autores brasileiros estreantes. O livro de Paula ser\u00e1 publicado pelas editoras<strong> Dublinense<\/strong>, no Brasil, e <strong>Kacimbo, <\/strong>em Angola, no primeiro semestre de 2026. Ela receber\u00e1 R$ 5 mil de adiantamento e uma mentoria sobre carreira e mercado liter\u00e1rio com Henrique Rodrigues, idealizador do pr\u00eamio.<\/p>\n<p><img  loading=\"lazy\" class=\"lazy-load-img\"\/><\/p>\n<p>Paula Novais \u00e9 a vencedora da 2\u00aa edi\u00e7\u00e3o do Pr\u00eamio Caminhos de Literatura 2025 pelo romance &#8216;Gaiolas de Concreto Armado&#8217;.\u00a0Foto:   Val\u00e9ria Vieira\/Divulga\u00e7\u00e3o<\/p>\n<p>Rodrigues, escritor e gestor cultural, esteve \u00e0 frente do <a href=\"https:\/\/www.estadao.com.br\/tudo-sobre\/premio-sesc-de-literatura\/\" target=\"_blank\" rel=\"nofollow noopener\">Pr\u00eamio Sesc de Literatura<\/a> por 20 anos e foi demitido ap\u00f3s uma pol\u00eamica envolvendo a leitura de um trecho do livro vencedor na Flip 2023. <a href=\"https:\/\/www.estadao.com.br\/cultura\/literatura\/editora-record-cancela-parceria-com-premio-sesc-de-literatura-apos-divergencias-relembre-o-caso\/\" target=\"_blank\" rel=\"nofollow noopener\" title=\"https:\/\/www.estadao.com.br\/cultura\/literatura\/editora-record-cancela-parceria-com-premio-sesc-de-literatura-apos-divergencias-relembre-o-caso\/\">Lembre o caso, revelado pelo <strong>Estad\u00e3o<\/strong>.<\/a> No ano passado, ele criou o Pr\u00eamio Caminhos, que tamb\u00e9m deu origem a um instituto de mesmo nome.<\/p>\n<p>Em sua primeira edi\u00e7\u00e3o, o Pr\u00eamio Caminhos de Literatura escolheu o livro M\u00e3ezinha, da m\u00e9dica paraense Izabella Cristo, que retrata o sistema de sa\u00fade inspirado por experi\u00eancias vividas pela pr\u00f3pria autora. A comiss\u00e3o final contou com a avalia\u00e7\u00e3o dos escritores Micheliny Verunschk e Marcelo Moutinho. <\/p>\n<p data-component-name=\"paragraph\" class=\"styles__ParagraphStyled-sc-6adecn-0 gsLklW  \">Neste ano, a comiss\u00e3o avaliadora foi formada por Airton Souza (vencedor do Pr\u00eamio Sesc 2023, que motivou o rompimento de Rodrigues com a organiza\u00e7\u00e3o) e Cintia Moscovich. Eles avaliaram 20 romances pr\u00e9-selecionados por subcomiss\u00f5es formadas por Marcela Dant\u00e9s, Rodrigo Casarin, D\u00e9bora Ferraz e Tiago Germano.<\/p>\n<p data-component-name=\"paragraph\" class=\"styles__ParagraphStyled-sc-6adecn-0 gsLklW  \">\u201cEsse resultado \u00e9 magn\u00edfico, porque os jurados selecionaram a obra pelo crit\u00e9rio da qualidade liter\u00e1ria, sem nenhum favorecimento ou olhar cerceador para qualquer conte\u00fado ou tem\u00e1tica\u201d, disse Rodrigues, sobre a escolha de Gaiolas de Concreto Armado. <\/p>\n<p data-component-name=\"paragraph\" class=\"styles__ParagraphStyled-sc-6adecn-0 gsLklW  \">O livro de Paula Novais tem como pano de fundo a pandemia de covid-10. A protagonista \u00e9 Nerissa, uma jovem que vive o luto pela perda da m\u00e3e e a dificuldade de pertencimento. Ela desenvolve uma amizade inesperada com Alzira, sua vizinha no turbulento edif\u00edcio onde vivem.<\/p>\n<p data-component-name=\"paragraph\" class=\"styles__ParagraphStyled-sc-6adecn-0 gsLklW  \">\u201cO livro conta a hist\u00f3ria de amizade de duas mulheres de gera\u00e7\u00f5es e origens diversas que se aproximaram durante a pandemia e em virtude dela. A partir dessa rela\u00e7\u00e3o, se criam novas possibilidades de leitura do mundo contempor\u00e2neo e do resgate de registros sublimados desde o golpe de 1964\u2033, explica Paula. <\/p>\n<p><img  loading=\"lazy\" class=\"lazy-load-img\"\/><\/p>\n<p>Henrique Rodrigues, escritor e idealizador do Pr\u00eamio Caminhos de Literatura.\u00a0Foto:  Monica Ramalho\/Divulga\u00e7\u00e3o<\/p>\n<p data-component-name=\"paragraph\" class=\"styles__ParagraphStyled-sc-6adecn-0 gsLklW  \">Mineira radicada no Rio de Janeiro, Paula diz que recebeu a not\u00edcia da premia\u00e7\u00e3o com \u201cimensa alegria\u201d e que admira o trabalho das editoras. \u201cMe sinto muito honrada de agora fazer parte do percurso corajoso da premia\u00e7\u00e3o, t\u00e3o importante para os escritores em busca de uma primeira oportunidade e para a literatura brasileira\u201d, afirma. <\/p>\n<p data-component-name=\"paragraph\" class=\"styles__ParagraphStyled-sc-6adecn-0 gsLklW  \">Ela conta que, apesar ter sido uma crian\u00e7a e adolescente com gosto pela escrita e pela leitura, nunca havia se imaginado como escritora, tanto que formou-se advogada. Tudo mudou em 2017, quando enfrentou um luto t\u00e3o profundo que precisou \u201cbuscar novas formas de existir.\u201d<\/p>\n<p data-component-name=\"paragraph\" class=\"styles__ParagraphStyled-sc-6adecn-0 gsLklW  \">Come\u00e7ou a escrever contos e cr\u00f4nicas, pelos quais foi premiada pela UBE &#8211; Uni\u00e3o Brasileira de Escritores nos concursos Anna Maria Martins (contos) e Ruth Guimar\u00e3es (cr\u00f4nicas). Em 2022, publicou seu primeiro livro de contos, Ambidestria, pela Editora Urutau.<\/p>\n<p data-component-name=\"paragraph\" class=\"styles__ParagraphStyled-sc-6adecn-0 gsLklW  \">Seu primeiro compromisso ap\u00f3s a premia\u00e7\u00e3o ser\u00e1 no dia 15 de novembro, na Fliporto, Festa Liter\u00e1ria Internacional de Pernambuco, em Recife, onde far\u00e1 uma mesa com Henrique Rodrigues e Airton Souza para discutir Gaiolas de Concreto Armado. Ela tamb\u00e9m participar\u00e1 da Flipo\u00e7os, em Po\u00e7os de Caldas, Minas Gerais, em maio de 2026.<\/p>\n","protected":false},"excerpt":{"rendered":"Antes mesmo de ser alfabetizada, a escritora e advogada Paula Novais j\u00e1 brincava de escrever: \u201cGostava de \u2018rabiscar&hellip;\n","protected":false},"author":2,"featured_media":105393,"comment_status":"","ping_status":"","sticky":false,"template":"","format":"standard","meta":{"footnotes":""},"categories":[143],"tags":[169,114,115,170,8070,32,33],"class_list":{"0":"post-105392","1":"post","2":"type-post","3":"status-publish","4":"format-standard","5":"has-post-thumbnail","7":"category-livros","8":"tag-books","9":"tag-entertainment","10":"tag-entretenimento","11":"tag-livros","12":"tag-null","13":"tag-portugal","14":"tag-pt"},"share_on_mastodon":{"url":"","error":""},"_links":{"self":[{"href":"https:\/\/www.europesays.com\/pt\/wp-json\/wp\/v2\/posts\/105392","targetHints":{"allow":["GET"]}}],"collection":[{"href":"https:\/\/www.europesays.com\/pt\/wp-json\/wp\/v2\/posts"}],"about":[{"href":"https:\/\/www.europesays.com\/pt\/wp-json\/wp\/v2\/types\/post"}],"author":[{"embeddable":true,"href":"https:\/\/www.europesays.com\/pt\/wp-json\/wp\/v2\/users\/2"}],"replies":[{"embeddable":true,"href":"https:\/\/www.europesays.com\/pt\/wp-json\/wp\/v2\/comments?post=105392"}],"version-history":[{"count":0,"href":"https:\/\/www.europesays.com\/pt\/wp-json\/wp\/v2\/posts\/105392\/revisions"}],"wp:featuredmedia":[{"embeddable":true,"href":"https:\/\/www.europesays.com\/pt\/wp-json\/wp\/v2\/media\/105393"}],"wp:attachment":[{"href":"https:\/\/www.europesays.com\/pt\/wp-json\/wp\/v2\/media?parent=105392"}],"wp:term":[{"taxonomy":"category","embeddable":true,"href":"https:\/\/www.europesays.com\/pt\/wp-json\/wp\/v2\/categories?post=105392"},{"taxonomy":"post_tag","embeddable":true,"href":"https:\/\/www.europesays.com\/pt\/wp-json\/wp\/v2\/tags?post=105392"}],"curies":[{"name":"wp","href":"https:\/\/api.w.org\/{rel}","templated":true}]}}