{"id":105400,"date":"2025-10-10T19:09:09","date_gmt":"2025-10-10T19:09:09","guid":{"rendered":"https:\/\/www.europesays.com\/pt\/105400\/"},"modified":"2025-10-10T19:09:09","modified_gmt":"2025-10-10T19:09:09","slug":"medio-que-venceu-o-euro-2016-por-portugal-anuncia-fim-da-carreira","status":"publish","type":"post","link":"https:\/\/www.europesays.com\/pt\/105400\/","title":{"rendered":"M\u00e9dio que venceu o Euro 2016 por Portugal anuncia fim da carreira"},"content":{"rendered":"<p>O m\u00e9dio Adrien Silva anunciou, esta sexta-feira, aos 36 anos, o ponto final na carreira de futebolista. O campe\u00e3o europeu pela Sele\u00e7\u00e3o Nacional em 2016, em Fran\u00e7a, oficializou a despedida dos relvados com uma publica\u00e7\u00e3o nas redes sociais.<\/p>\n<p>Adrien considerou que ser \u00abtempo de seguir em frente, com o cora\u00e7\u00e3o tranquilo e o orgulho de quem deu tudo ao jogo que ama\u00bb, ao servi\u00e7o de nove clubes ao longo de 18 anos como s\u00e9nior.<\/p>\n<p>Adrien estreou-se como s\u00e9nior ao servi\u00e7o do <a target=\"_blank\" class=\"editor-link autolink-enabled\" href=\"https:\/\/www.abola.pt\/futebol\/sporting-448\" data-resource-id=\"448\" data-resource-type=\"team\" data-sport=\"football\" rel=\"nofollow noopener\">Sporting<\/a> pela m\u00e3o de Paulo Bento a 17 de outubro de 2007, num duelo entre os le\u00f5es e a <a target=\"_blank\" class=\"editor-link autolink-enabled\" href=\"https:\/\/www.abola.pt\/futebol\/academica-464\" data-resource-id=\"464\" data-resource-type=\"team\" data-sport=\"football\" rel=\"nofollow noopener\">Acad\u00e9mica<\/a>. O m\u00e9dio luso-franc\u00eas destacou o percurso trilhado de le\u00e3o ao peito, desde os sub-14 at\u00e9 \u00e0 equipa principal, pela qual rubricou 241 partidas, distribu\u00eddas por nove temporadas.<\/p>\n<p>\u00abO <a class=\"autolink-enabled\" data-resource-id=\"26460\" data-resource-type=\"team\" data-sport=\"football\" href=\"https:\/\/www.abola.pt\/futebol\/sporting-fem-26460\" rel=\"nofollow noopener\" target=\"_blank\">Sporting<\/a> foi a minha casa, o lugar onde me formei como jogador e como homem. Foi ali que aprendi o que significam o trabalho, a exig\u00eancia e a honra de representar um s\u00edmbolo maior do que n\u00f3s. Tive o privil\u00e9gio de ser capit\u00e3o do clube da minha forma\u00e7\u00e3o, algo imposs\u00edvel de descrever em palavras. Mais de 200 jogos, duas Ta\u00e7as de Portugal, tr\u00eas Superta\u00e7as e, acima de tudo, uma liga\u00e7\u00e3o eterna a uma institui\u00e7\u00e3o que moldou o meu car\u00e1cter e a minha forma de ver o futebol\u00bb, escreveu <a class=\"autolink-enabled\" data-resource-id=\"8378\" data-resource-type=\"player\" data-sport=\"football\" href=\"https:\/\/www.abola.pt\/futebol\/jogador\/adrien-silva-8378\" rel=\"nofollow noopener\" target=\"_blank\">Adrien<\/a> nas redes sociais. <\/p>\n<p><a class=\"autolink-enabled\" data-resource-id=\"8378\" data-resource-type=\"player\" data-sport=\"football\" href=\"https:\/\/www.abola.pt\/futebol\/jogador\/adrien-silva-8378\" rel=\"nofollow noopener\" target=\"_blank\">Adrien<\/a> representou os le\u00f5es entre 2007\/08 e 2009\/10, esteve emprestado a <a class=\"autolink-enabled\" data-resource-id=\"867\" data-resource-type=\"team\" data-sport=\"football\" href=\"https:\/\/www.abola.pt\/futebol\/maccabi-haifa-867\" rel=\"nofollow noopener\" target=\"_blank\">Maccabi Haifa<\/a> e <a class=\"autolink-enabled\" data-resource-id=\"464\" data-resource-type=\"team\" data-sport=\"football\" href=\"https:\/\/www.abola.pt\/futebol\/academica-464\" rel=\"nofollow noopener\" target=\"_blank\">Acad\u00e9mica<\/a> nas duas temporadas seguintes, antes de regressar a Alvalade em 2012. Seguiram-se cinco \u00e9pocas como titular praticamente indiscut\u00edvel no meio-campo verde e branco, duas das quais como capit\u00e3o de equipa. <\/p>\n<p><a target=\"_blank\" class=\"editor-link autolink-enabled\" href=\"https:\/\/www.abola.pt\/futebol\/jogador\/adrien-silva-8378\" data-resource-id=\"8378\" data-resource-type=\"player\" data-sport=\"football\" rel=\"nofollow noopener\">Adrien<\/a> foi o protagonista de um epis\u00f3dio ins\u00f3lito no \u00faltimo dia do mercado de transfer\u00eancias do ver\u00e3o de 2017, ao ter visto a transfer\u00eancia para o <a target=\"_blank\" class=\"editor-link autolink-enabled\" href=\"https:\/\/www.abola.pt\/futebol\/leicester-81\" data-resource-id=\"81\" data-resource-type=\"team\" data-sport=\"football\" rel=\"nofollow noopener\">Leicester<\/a> City cair por terra devido a um atraso de 14 segundos. O antigo internacional luso rumou mesmo aos foxes, em janeiro de 2018, mas trocou a <a class=\"autolink-enabled\" data-resource-id=\"3\" data-resource-type=\"competition\" data-sport=\"football\" href=\"https:\/\/www.abola.pt\/futebol\/competicao\/premier-league-3\" rel=\"nofollow noopener\" target=\"_blank\">Premier League<\/a> pelo <a target=\"_blank\" class=\"editor-link autolink-enabled\" href=\"https:\/\/www.abola.pt\/futebol\/monaco-293\" data-resource-id=\"293\" data-resource-type=\"team\" data-sport=\"football\" rel=\"nofollow noopener\">M\u00f3naco<\/a> e pela <a class=\"autolink-enabled\" data-resource-id=\"8\" data-resource-type=\"competition\" data-sport=\"football\" href=\"https:\/\/www.abola.pt\/futebol\/competicao\/ligue-1-8\" rel=\"nofollow noopener\" target=\"_blank\">Ligue 1<\/a>, um ano depois.<\/p>\n<p>Ao fim de duas \u00e9pocas no principado, <a class=\"autolink-enabled\" data-resource-id=\"8378\" data-resource-type=\"player\" data-sport=\"football\" href=\"https:\/\/www.abola.pt\/futebol\/jogador\/adrien-silva-8378\" rel=\"nofollow noopener\" target=\"_blank\">Adrien<\/a> representou a Sampdoria, entre 2020 e 2021, o Al Wahda dos Emirados \u00c1rabes Unidos, entre 2021 e 2023, regressou a Portugal para militar no <a class=\"autolink-enabled\" data-resource-id=\"442\" data-resource-type=\"team\" data-sport=\"football\" href=\"https:\/\/www.abola.pt\/futebol\/rio-ave-442\" rel=\"nofollow noopener\" target=\"_blank\">Rio Ave<\/a> em 2023\/24, antes de terminar a carreira no Dubai United, na temporada transata.<\/p>\n<p><a class=\"autolink-enabled\" data-resource-id=\"8378\" data-resource-type=\"player\" data-sport=\"football\" href=\"https:\/\/www.abola.pt\/futebol\/jogador\/adrien-silva-8378\" rel=\"nofollow noopener\" target=\"_blank\">Adrien<\/a> foi ainda internacional portugu\u00eas por 26 ocasi\u00f5es, entre 2014 e 2018. O antigo m\u00e9dio formado pelo <a class=\"autolink-enabled\" href=\"https:\/\/www.abola.pt\/futebol\/sporting-448\" data-resource-id=\"448\" data-resource-type=\"team\" data-sport=\"football\" rel=\"nofollow noopener\" target=\"_blank\">Sporting<\/a> integrou a equipa que conquistou o Campeonato da Europa, em 2016, tendo sido titular em todos os jogos da fase a eliminar, incluindo a final, diante da anfitri\u00e3, Fran\u00e7a.<\/p>\n<p><strong>(not\u00edcia atualizada \u00e0s 19h20)<\/strong><\/p>\n<p><a target=\"_blank\" class=\"editor-link\" href=\"https:\/\/profile.google.com\/cp\/CgkvbS8wNWNjOHQ?pf=0\" rel=\"nofollow noopener\">Siga o perfil de A BOLA no Google<\/a><\/p>\n","protected":false},"excerpt":{"rendered":"O m\u00e9dio Adrien Silva anunciou, esta sexta-feira, aos 36 anos, o ponto final na carreira de futebolista. O&hellip;\n","protected":false},"author":2,"featured_media":105401,"comment_status":"","ping_status":"","sticky":false,"template":"","format":"standard","meta":{"footnotes":""},"categories":[87],"tags":[135,32,33,134],"class_list":{"0":"post-105400","1":"post","2":"type-post","3":"status-publish","4":"format-standard","5":"has-post-thumbnail","7":"category-desporto","8":"tag-desporto","9":"tag-portugal","10":"tag-pt","11":"tag-sports"},"share_on_mastodon":{"url":"","error":""},"_links":{"self":[{"href":"https:\/\/www.europesays.com\/pt\/wp-json\/wp\/v2\/posts\/105400","targetHints":{"allow":["GET"]}}],"collection":[{"href":"https:\/\/www.europesays.com\/pt\/wp-json\/wp\/v2\/posts"}],"about":[{"href":"https:\/\/www.europesays.com\/pt\/wp-json\/wp\/v2\/types\/post"}],"author":[{"embeddable":true,"href":"https:\/\/www.europesays.com\/pt\/wp-json\/wp\/v2\/users\/2"}],"replies":[{"embeddable":true,"href":"https:\/\/www.europesays.com\/pt\/wp-json\/wp\/v2\/comments?post=105400"}],"version-history":[{"count":0,"href":"https:\/\/www.europesays.com\/pt\/wp-json\/wp\/v2\/posts\/105400\/revisions"}],"wp:featuredmedia":[{"embeddable":true,"href":"https:\/\/www.europesays.com\/pt\/wp-json\/wp\/v2\/media\/105401"}],"wp:attachment":[{"href":"https:\/\/www.europesays.com\/pt\/wp-json\/wp\/v2\/media?parent=105400"}],"wp:term":[{"taxonomy":"category","embeddable":true,"href":"https:\/\/www.europesays.com\/pt\/wp-json\/wp\/v2\/categories?post=105400"},{"taxonomy":"post_tag","embeddable":true,"href":"https:\/\/www.europesays.com\/pt\/wp-json\/wp\/v2\/tags?post=105400"}],"curies":[{"name":"wp","href":"https:\/\/api.w.org\/{rel}","templated":true}]}}