{"id":105408,"date":"2025-10-10T19:18:14","date_gmt":"2025-10-10T19:18:14","guid":{"rendered":"https:\/\/www.europesays.com\/pt\/105408\/"},"modified":"2025-10-10T19:18:14","modified_gmt":"2025-10-10T19:18:14","slug":"israel-admite-conversas-em-salas-fechadas-com-governo-sobre-f-35","status":"publish","type":"post","link":"https:\/\/www.europesays.com\/pt\/105408\/","title":{"rendered":"Israel admite conversas em \u201csalas fechadas\u201d com Governo sobre F-35"},"content":{"rendered":"<p>Uma semana depois de o ministro dos Neg\u00f3cios Estrangeiros, Paulo Rangel, ter assumido que n\u00e3o foi informado sobre a escala de tr\u00eas ca\u00e7as F-35 nas Lajes com destino a Israel, o Governo continua sem dizer o que far\u00e1 quanto \u00e0 passagem de mais material militar para Telavive atrav\u00e9s dos A\u00e7ores. O Expresso sabe que est\u00e3o previstas mais entregas de F-35, mas Rangel mant\u00e9m o sil\u00eancio sobre o que far\u00e1 e n\u00e3o respondeu \u00e0s nossas perguntas at\u00e9 ao fecho da edi\u00e7\u00e3o. Israel, por\u00e9m, admite a exist\u00eancia de conversas com o Governo sobre o assunto.<\/p>\n<p><a href=\"https:\/\/expresso.pt\/subscrever?action=GEN&amp;channel=VID&amp;type=CAP&amp;source=WEB&amp;returnUrl=https:\/\/expresso.pt\/politica\/2025-10-09-israel-admite-conversas-em-salas-fechadas-com-governo-sobre-f-35-c1ae3121&amp;utm_source=expresso&amp;utm_medium=locked_article&amp;locked=true&amp;article_id=57773b4f-e409-470f-945a-87476929d56a&amp;author_id=V\u00edtor+Matos&amp;category=Pol\u00edtica\" target=\"_self\" class=\"\" rel=\"nofollow noopener\">Subscrever<\/a>J\u00e1 \u00e9 Subscritor?Fa\u00e7a login e continue a ler<a href=\"http:\/\/expresso.pt\/codigo?redirectUrl=https:\/\/expresso.pt\/politica\/2025-10-09-israel-admite-conversas-em-salas-fechadas-com-governo-sobre-f-35-c1ae3121\" target=\"_self\" class=\"\" rel=\"nofollow noopener\">Inserir C\u00f3digo<\/a>Comprou o Expresso?Insira o c\u00f3digo presente na Revista E para continuar a ler<\/p>\n","protected":false},"excerpt":{"rendered":"Uma semana depois de o ministro dos Neg\u00f3cios Estrangeiros, Paulo Rangel, ter assumido que n\u00e3o foi informado sobre&hellip;\n","protected":false},"author":2,"featured_media":105409,"comment_status":"","ping_status":"","sticky":false,"template":"","format":"standard","meta":{"footnotes":""},"categories":[10],"tags":[27,28,15,16,14,25,26,21,22,12,13,19,20,32,23,24,33,17,18,29,30,31],"class_list":{"0":"post-105408","1":"post","2":"type-post","3":"status-publish","4":"format-standard","5":"has-post-thumbnail","7":"category-portugal","8":"tag-breaking-news","9":"tag-breakingnews","10":"tag-featured-news","11":"tag-featurednews","12":"tag-headlines","13":"tag-latest-news","14":"tag-latestnews","15":"tag-main-news","16":"tag-mainnews","17":"tag-news","18":"tag-noticias","19":"tag-noticias-principais","20":"tag-noticiasprincipais","21":"tag-portugal","22":"tag-principais-noticias","23":"tag-principaisnoticias","24":"tag-pt","25":"tag-top-stories","26":"tag-topstories","27":"tag-ultimas","28":"tag-ultimas-noticias","29":"tag-ultimasnoticias"},"share_on_mastodon":{"url":"","error":""},"_links":{"self":[{"href":"https:\/\/www.europesays.com\/pt\/wp-json\/wp\/v2\/posts\/105408","targetHints":{"allow":["GET"]}}],"collection":[{"href":"https:\/\/www.europesays.com\/pt\/wp-json\/wp\/v2\/posts"}],"about":[{"href":"https:\/\/www.europesays.com\/pt\/wp-json\/wp\/v2\/types\/post"}],"author":[{"embeddable":true,"href":"https:\/\/www.europesays.com\/pt\/wp-json\/wp\/v2\/users\/2"}],"replies":[{"embeddable":true,"href":"https:\/\/www.europesays.com\/pt\/wp-json\/wp\/v2\/comments?post=105408"}],"version-history":[{"count":0,"href":"https:\/\/www.europesays.com\/pt\/wp-json\/wp\/v2\/posts\/105408\/revisions"}],"wp:featuredmedia":[{"embeddable":true,"href":"https:\/\/www.europesays.com\/pt\/wp-json\/wp\/v2\/media\/105409"}],"wp:attachment":[{"href":"https:\/\/www.europesays.com\/pt\/wp-json\/wp\/v2\/media?parent=105408"}],"wp:term":[{"taxonomy":"category","embeddable":true,"href":"https:\/\/www.europesays.com\/pt\/wp-json\/wp\/v2\/categories?post=105408"},{"taxonomy":"post_tag","embeddable":true,"href":"https:\/\/www.europesays.com\/pt\/wp-json\/wp\/v2\/tags?post=105408"}],"curies":[{"name":"wp","href":"https:\/\/api.w.org\/{rel}","templated":true}]}}