{"id":105410,"date":"2025-10-10T19:21:08","date_gmt":"2025-10-10T19:21:08","guid":{"rendered":"https:\/\/www.europesays.com\/pt\/105410\/"},"modified":"2025-10-10T19:21:08","modified_gmt":"2025-10-10T19:21:08","slug":"sti-pede-medidas-urgentes-para-fisco-conseguir-investigar-observador","status":"publish","type":"post","link":"https:\/\/www.europesays.com\/pt\/105410\/","title":{"rendered":"STI pede medidas urgentes para Fisco conseguir investigar \u2013 Observador"},"content":{"rendered":"<p>O Sindicato dos Trabalhadores dos Impostos (STI) pede ao Governo uma \u201cresposta pol\u00edtica e estrutural\u201d urgente para o que diz ser a \u201cdegrada\u00e7\u00e3o da capacidade investigadora\u201d do fisco e a sua incapacidade em cobrar d\u00edvidas.<\/p>\n<p><strong>Num comunicado emitido esta sexta-feira, o sindicato sustenta que a d\u00edvida fiscal por cobrar \u201cest\u00e1 a atingir valores hist\u00f3ricos e a investiga\u00e7\u00e3o tribut\u00e1ria est\u00e1 a ser progressivamente desmantelada\u201d na Autoridade Tribut\u00e1ria e Aduaneira (AT).<\/strong><\/p>\n<p>Para o afirmar, o STI baseia-se em dados oficiais do parecer do Tribunal de Contas \u00e0 Conta Geral do Estado para 2024, segundo o qual \u201ca carteira em cobran\u00e7a coerciva registou um aumento de 2.126 milh\u00f5es de euros (7,9%) face a 2023\u201d, para 28.884 milh\u00f5es de euros, \u201cmesmo tendo o Estado criado regimes que visam apoiar e induzir o pagamento volunt\u00e1rio das d\u00edvidas tribut\u00e1rias\u201d.<\/p>\n<p>Para o STI, <strong>\u201ceste fen\u00f3meno resulta n\u00e3o apenas de fatores conjunturais, como crises econ\u00f3micas, pandemia ou altera\u00e7\u00f5es jurisprudenciais, mas sobretudo da degrada\u00e7\u00e3o interna da AT, da aus\u00eancia de investimento, sobretudo ao n\u00edvel dos recursos humanos, e desvaloriza\u00e7\u00e3o dos seus profissionais\u201d.<\/strong><\/p>\n<p>Na perspetiva do sindicato, \u201co diagn\u00f3stico \u00e9 claro: h\u00e1 muito que o combate \u00e0 fraude fiscal est\u00e1 comprometido\u201d.<\/p>\n<p>\u201cA investiga\u00e7\u00e3o est\u00e1 a ser asfixiada por decis\u00f5es internas que desmantelam equipas, como as que faziam o controle e fiscaliza\u00e7\u00e3o da circula\u00e7\u00e3o de mercadorias e PAELAC (planos de a\u00e7\u00f5es externas locais, de promo\u00e7\u00e3o e apoio ao cumprimento volunt\u00e1rio), retiraram autonomia e esvaziaram de compet\u00eancias os seus profissionais\u201d, sustenta.<\/p>\n<p>Para afirmar que existe uma \u201cdegrada\u00e7\u00e3o\u201d da capacidade de investiga\u00e7\u00e3o da AT, o sindicato sustenta que a administra\u00e7\u00e3o tribut\u00e1ria \u201ctem vindo a desativar n\u00facleos especializados, como os que foram criados no tempo da troika\u00a0para a recupera\u00e7\u00e3o da d\u00edvida executiva, a impedir a continuidade de processos complexos e a transformar a estrutura numa m\u00e1quina burocr\u00e1tica, incapaz de atuar com efic\u00e1cia contra os grandes esquemas de evas\u00e3o\u201d.<\/p>\n<p>No comunicado, o STI \u201cexige \u00e0 tutela\u201d (ao Minist\u00e9rio das Finan\u00e7as) quatro medidas concretas, que diz serem urgentes: \u201cRefor\u00e7o dos recursos humanos e valoriza\u00e7\u00e3o das carreiras; reativa\u00e7\u00e3o da avalia\u00e7\u00e3o permanente e das equipas de investiga\u00e7\u00e3o fiscal com garantia de autonomia t\u00e9cnica; moderniza\u00e7\u00e3o dos sistemas de informa\u00e7\u00e3o e dos meios operacionais; e implementa\u00e7\u00e3o de uma estrat\u00e9gia nacional de combate \u00e0 fraude e evas\u00e3o fiscal\u201d.<\/p>\n","protected":false},"excerpt":{"rendered":"O Sindicato dos Trabalhadores dos Impostos (STI) pede ao Governo uma \u201cresposta pol\u00edtica e estrutural\u201d urgente para o&hellip;\n","protected":false},"author":2,"featured_media":105411,"comment_status":"","ping_status":"","sticky":false,"template":"","format":"standard","meta":{"footnotes":""},"categories":[8],"tags":[4304,27,28,476,15,16,4305,14,2501,25,26,21,22,12,13,19,20,32,23,24,33,2393,17,18,849,29,30,31],"class_list":{"0":"post-105410","1":"post","2":"type-post","3":"status-publish","4":"format-standard","5":"has-post-thumbnail","7":"category-principais-noticias","8":"tag-autoridade-tributu00e1ria","9":"tag-breaking-news","10":"tag-breakingnews","11":"tag-economia","12":"tag-featured-news","13":"tag-featurednews","14":"tag-finanu00e7as","15":"tag-headlines","16":"tag-impostos","17":"tag-latest-news","18":"tag-latestnews","19":"tag-main-news","20":"tag-mainnews","21":"tag-news","22":"tag-noticias","23":"tag-noticias-principais","24":"tag-noticiasprincipais","25":"tag-portugal","26":"tag-principais-noticias","27":"tag-principaisnoticias","28":"tag-pt","29":"tag-sindicatos","30":"tag-top-stories","31":"tag-topstories","32":"tag-trabalho","33":"tag-ultimas","34":"tag-ultimas-noticias","35":"tag-ultimasnoticias"},"share_on_mastodon":{"url":"","error":""},"_links":{"self":[{"href":"https:\/\/www.europesays.com\/pt\/wp-json\/wp\/v2\/posts\/105410","targetHints":{"allow":["GET"]}}],"collection":[{"href":"https:\/\/www.europesays.com\/pt\/wp-json\/wp\/v2\/posts"}],"about":[{"href":"https:\/\/www.europesays.com\/pt\/wp-json\/wp\/v2\/types\/post"}],"author":[{"embeddable":true,"href":"https:\/\/www.europesays.com\/pt\/wp-json\/wp\/v2\/users\/2"}],"replies":[{"embeddable":true,"href":"https:\/\/www.europesays.com\/pt\/wp-json\/wp\/v2\/comments?post=105410"}],"version-history":[{"count":0,"href":"https:\/\/www.europesays.com\/pt\/wp-json\/wp\/v2\/posts\/105410\/revisions"}],"wp:featuredmedia":[{"embeddable":true,"href":"https:\/\/www.europesays.com\/pt\/wp-json\/wp\/v2\/media\/105411"}],"wp:attachment":[{"href":"https:\/\/www.europesays.com\/pt\/wp-json\/wp\/v2\/media?parent=105410"}],"wp:term":[{"taxonomy":"category","embeddable":true,"href":"https:\/\/www.europesays.com\/pt\/wp-json\/wp\/v2\/categories?post=105410"},{"taxonomy":"post_tag","embeddable":true,"href":"https:\/\/www.europesays.com\/pt\/wp-json\/wp\/v2\/tags?post=105410"}],"curies":[{"name":"wp","href":"https:\/\/api.w.org\/{rel}","templated":true}]}}