{"id":105420,"date":"2025-10-10T19:27:09","date_gmt":"2025-10-10T19:27:09","guid":{"rendered":"https:\/\/www.europesays.com\/pt\/105420\/"},"modified":"2025-10-10T19:27:09","modified_gmt":"2025-10-10T19:27:09","slug":"marvel-pode-soltar-trailer-bombastico-antes-do-fim-do-ano","status":"publish","type":"post","link":"https:\/\/www.europesays.com\/pt\/105420\/","title":{"rendered":"Marvel pode soltar trailer bomb\u00e1stico antes do fim do ano"},"content":{"rendered":"<p>A expectativa pelo pr\u00f3ximo grande evento do <a href=\"https:\/\/tangerina.uol.com.br\/filmes-series\/ordem-cronologica-marvel\/\" target=\"_blank\" rel=\"noreferrer noopener nofollow\">MCU (Universo Cinematogr\u00e1fico da Marvel)<\/a> est\u00e1 prestes a atingir novos patamares. <a href=\"https:\/\/tangerina.uol.com.br\/filmes-series\/vingadores-doomsday-pode-marcar-o-fim-da-era-mais-criticada-da-marvel\/\" target=\"_blank\" rel=\"noreferrer noopener nofollow\">Vingadores: Doomsday<\/a>, o maior projeto do est\u00fadio desde Ultimato (2019), j\u00e1 terminou suas filmagens e agora s\u00f3 falta o est\u00fadio come\u00e7ar a aquecer a divulga\u00e7\u00e3o. A d\u00favida que paira entre os f\u00e3s \u00e9: quando finalmente veremos o primeiro trailer?<\/p>\n<p>Segundo proje\u00e7\u00f5es, a resposta pode chegar antes mesmo do fim de 2025. A Disney tem em m\u00e3os uma janela perfeita para liberar o material ainda em dezembro, justamente no per\u00edodo em que Avatar: Fogo e Cinzas chega aos cinemas. A estrat\u00e9gia seria colocar o v\u00eddeo de estreia ao lado do novo \u00e9pico de James Cameron, assefurando milh\u00f5es de olhos sobre o trailer.<\/p>\n<p>A jogada n\u00e3o seria novidade. A Marvel j\u00e1 usou a for\u00e7a de outras produ\u00e7\u00f5es da Disney para lan\u00e7ar trailers anteriores dos Vingadores. Com o peso de Avatar \u2014 franquia bilion\u00e1ria e com alcance global \u2014 a chance de repetir o truque \u00e9 alt\u00edssima.<\/p>\n<p>Poss\u00edveis planos da Marvel<\/p>\n<p>Outra possibilidade est\u00e1 ligada a um palco tradicional para estreias bomb\u00e1sticas: o Super Bowl de 2026. O evento, marcado para fevereiro, \u00e9 conhecido por reunir an\u00fancios milion\u00e1rios e garantir enorme repercuss\u00e3o. A Marvel poderia aproveitar o momento para dominar as redes sociais.<\/p>\n<p>Mas n\u00e3o para por a\u00ed. Caso opte por segurar um pouco mais, o est\u00fadio pode mirar na San Diego Comic-Con de julho de 2026. O painel da Marvel em Hall H costuma ser cercado de segredos e, com a volta dos irm\u00e3os Russo na dire\u00e7\u00e3o, esse seria o lugar ideal para mostrar ao mundo o que est\u00e1 por vir.<\/p>\n<p>A estrat\u00e9gia n\u00e3o \u00e9 nova. <a href=\"https:\/\/www.disneyplus.com\/play\/9a136e06-852a-41bf-b71d-fa061cb43225?distributionPartner=google\" target=\"_blank\" rel=\"noreferrer noopener nofollow\">Vingadores: Guerra Infinita (2018)<\/a> e <a href=\"https:\/\/www.disneyplus.com\/play\/b39aa962-be56-4b09-a536-98617031717f?distributionPartner=google\" target=\"_blank\" rel=\"noreferrer noopener nofollow\">Ultimato<\/a> tiveram trailers revelados com cerca de 140 a 150 dias antes de suas estreias. Se o est\u00fadio repetir essa f\u00f3rmula, o primeiro v\u00eddeo de Doomsday poderia chegar apenas em meados de 2026.<\/p>\n<p>O que se sabe \u00e9 que a ansiedade n\u00e3o vai diminuir t\u00e3o cedo. Com Robert Downey Jr. escalado como Doutor Destino e a chegada do Quarteto Fant\u00e1stico ao time de her\u00f3is, Vingadores: Doomsday j\u00e1 \u00e9 visto como o pr\u00f3ximo grande fen\u00f4meno da cultura pop. A Marvel s\u00f3 precisa escolher o momento certo para soltar sua bomba no mundo.<\/p>\n","protected":false},"excerpt":{"rendered":"A expectativa pelo pr\u00f3ximo grande evento do MCU (Universo Cinematogr\u00e1fico da Marvel) est\u00e1 prestes a atingir novos patamares.&hellip;\n","protected":false},"author":2,"featured_media":105421,"comment_status":"","ping_status":"","sticky":false,"template":"","format":"standard","meta":{"footnotes":""},"categories":[140],"tags":[114,115,147,148,792,146,32,33,4479],"class_list":{"0":"post-105420","1":"post","2":"type-post","3":"status-publish","4":"format-standard","5":"has-post-thumbnail","7":"category-filmes","8":"tag-entertainment","9":"tag-entretenimento","10":"tag-film","11":"tag-filmes","12":"tag-marvel","13":"tag-movies","14":"tag-portugal","15":"tag-pt","16":"tag-super-heroi"},"share_on_mastodon":{"url":"","error":""},"_links":{"self":[{"href":"https:\/\/www.europesays.com\/pt\/wp-json\/wp\/v2\/posts\/105420","targetHints":{"allow":["GET"]}}],"collection":[{"href":"https:\/\/www.europesays.com\/pt\/wp-json\/wp\/v2\/posts"}],"about":[{"href":"https:\/\/www.europesays.com\/pt\/wp-json\/wp\/v2\/types\/post"}],"author":[{"embeddable":true,"href":"https:\/\/www.europesays.com\/pt\/wp-json\/wp\/v2\/users\/2"}],"replies":[{"embeddable":true,"href":"https:\/\/www.europesays.com\/pt\/wp-json\/wp\/v2\/comments?post=105420"}],"version-history":[{"count":0,"href":"https:\/\/www.europesays.com\/pt\/wp-json\/wp\/v2\/posts\/105420\/revisions"}],"wp:featuredmedia":[{"embeddable":true,"href":"https:\/\/www.europesays.com\/pt\/wp-json\/wp\/v2\/media\/105421"}],"wp:attachment":[{"href":"https:\/\/www.europesays.com\/pt\/wp-json\/wp\/v2\/media?parent=105420"}],"wp:term":[{"taxonomy":"category","embeddable":true,"href":"https:\/\/www.europesays.com\/pt\/wp-json\/wp\/v2\/categories?post=105420"},{"taxonomy":"post_tag","embeddable":true,"href":"https:\/\/www.europesays.com\/pt\/wp-json\/wp\/v2\/tags?post=105420"}],"curies":[{"name":"wp","href":"https:\/\/api.w.org\/{rel}","templated":true}]}}