{"id":105422,"date":"2025-10-10T19:28:10","date_gmt":"2025-10-10T19:28:10","guid":{"rendered":"https:\/\/www.europesays.com\/pt\/105422\/"},"modified":"2025-10-10T19:28:10","modified_gmt":"2025-10-10T19:28:10","slug":"roberto-martinez-ganha-duvida-para-a-irlanda-no-ataque","status":"publish","type":"post","link":"https:\/\/www.europesays.com\/pt\/105422\/","title":{"rendered":"Roberto Mart\u00ednez ganha d\u00favida para a Irlanda no ataque"},"content":{"rendered":"<p>A pouco mais de 24 horas do encontro com a Irlanda, marcado para o Est\u00e1dio de Alvalade, referente \u00e0 3.\u00aa jornada da fase de apuramento para o Mundial 2026, Roberto Mart\u00ednez ganhou uma dor de cabe\u00e7a.<\/p>\n<p><a class=\"autolink-enabled\" data-resource-id=\"125040\" data-resource-type=\"player\" data-sport=\"football\" href=\"https:\/\/www.abola.pt\/futebol\/jogador\/joao-felix-125040\" rel=\"nofollow noopener\" target=\"_blank\">Jo\u00e3o F\u00e9lix<\/a>, avan\u00e7ado do <a class=\"autolink-enabled\" data-resource-id=\"1681\" data-resource-type=\"team\" data-sport=\"football\" href=\"https:\/\/www.abola.pt\/futebol\/al-nassr-1681\" rel=\"nofollow noopener\" target=\"_blank\">Al Nassr<\/a>, est\u00e1 a contas com uma mialgia de esfor\u00e7o, ficou a fazer trabalho de gin\u00e1sio na Cidade do Futebol e falhou o treino vespertino, estando, por isso, em d\u00favida para o encontro com os irlandeses, no s\u00e1bado.<\/p>\n<p>Os restantes convocados treinaram-se normalmente num dos relvados da Cidade do Futebol, em Oeiras.<\/p>\n","protected":false},"excerpt":{"rendered":"A pouco mais de 24 horas do encontro com a Irlanda, marcado para o Est\u00e1dio de Alvalade, referente&hellip;\n","protected":false},"author":2,"featured_media":105423,"comment_status":"","ping_status":"","sticky":false,"template":"","format":"standard","meta":{"footnotes":""},"categories":[87],"tags":[135,32,33,134],"class_list":{"0":"post-105422","1":"post","2":"type-post","3":"status-publish","4":"format-standard","5":"has-post-thumbnail","7":"category-desporto","8":"tag-desporto","9":"tag-portugal","10":"tag-pt","11":"tag-sports"},"share_on_mastodon":{"url":"","error":""},"_links":{"self":[{"href":"https:\/\/www.europesays.com\/pt\/wp-json\/wp\/v2\/posts\/105422","targetHints":{"allow":["GET"]}}],"collection":[{"href":"https:\/\/www.europesays.com\/pt\/wp-json\/wp\/v2\/posts"}],"about":[{"href":"https:\/\/www.europesays.com\/pt\/wp-json\/wp\/v2\/types\/post"}],"author":[{"embeddable":true,"href":"https:\/\/www.europesays.com\/pt\/wp-json\/wp\/v2\/users\/2"}],"replies":[{"embeddable":true,"href":"https:\/\/www.europesays.com\/pt\/wp-json\/wp\/v2\/comments?post=105422"}],"version-history":[{"count":0,"href":"https:\/\/www.europesays.com\/pt\/wp-json\/wp\/v2\/posts\/105422\/revisions"}],"wp:featuredmedia":[{"embeddable":true,"href":"https:\/\/www.europesays.com\/pt\/wp-json\/wp\/v2\/media\/105423"}],"wp:attachment":[{"href":"https:\/\/www.europesays.com\/pt\/wp-json\/wp\/v2\/media?parent=105422"}],"wp:term":[{"taxonomy":"category","embeddable":true,"href":"https:\/\/www.europesays.com\/pt\/wp-json\/wp\/v2\/categories?post=105422"},{"taxonomy":"post_tag","embeddable":true,"href":"https:\/\/www.europesays.com\/pt\/wp-json\/wp\/v2\/tags?post=105422"}],"curies":[{"name":"wp","href":"https:\/\/api.w.org\/{rel}","templated":true}]}}