{"id":105424,"date":"2025-10-10T19:29:10","date_gmt":"2025-10-10T19:29:10","guid":{"rendered":"https:\/\/www.europesays.com\/pt\/105424\/"},"modified":"2025-10-10T19:29:10","modified_gmt":"2025-10-10T19:29:10","slug":"aumento-global-do-mieloma-multiplo-acende-alerta-na-america-latina","status":"publish","type":"post","link":"https:\/\/www.europesays.com\/pt\/105424\/","title":{"rendered":"Aumento global do mieloma m\u00faltiplo acende alerta na Am\u00e9rica Latina"},"content":{"rendered":"<p class=\"texto\"><strong>Lima \u2014<\/strong> O mieloma m\u00faltiplo, um c\u00e2ncer que afeta as c\u00e9lulas da medula \u00f3ssea respons\u00e1veis pela produ\u00e7\u00e3o de anticorpos, tem avan\u00e7ado de forma silenciosa e preocupa especialistas em todo o mundo. Segundo estimativas internacionais, o n\u00famero de novos casos deve ultrapassar 300 mil por ano at\u00e9 2045, o que refor\u00e7a sua posi\u00e7\u00e3o como o segundo c\u00e2ncer sangu\u00edneo mais frequente.<\/p>\n<p class=\"texto\"><strong><a href=\"https:\/\/whatsapp.com\/channel\/0029VaB1U9a002T64ex1Sy2w\" rel=\"nofollow noopener\" target=\"_blank\">Siga o canal do Correio no WhatsApp e receba as principais not\u00edcias do dia no seu celular<\/a><\/strong><\/p>\n<p class=\"texto\">Esse tipo de c\u00e2ncer representa cerca de 10% das neoplasias hematol\u00f3gicas e afeta principalmente pessoas acima dos 60 anos. A incid\u00eancia \u00e9 uma vez e meio maior em homens do que em mulheres. Nos \u00faltimos 30 anos, tanto o n\u00famero de diagn\u00f3sticos quanto as mortes relacionadas \u00e0 doen\u00e7a dobraram, com impacto maior em pa\u00edses de baixa e m\u00e9dia renda.<\/p>\n<p class=\"texto\">Na Am\u00e9rica Latina, a situa\u00e7\u00e3o \u00e9 ainda mais desafiadora. A falta de informa\u00e7\u00e3o sobre a doen\u00e7a, a dificuldade de acesso a exames especializados e a escassez de hematologistas resultam em diagn\u00f3sticos tardios. No Brasil, foram registrados 5.767 novos casos anuais nas estimativas mais recentes, seguidos de M\u00e9xico (3.446), Col\u00f4mbia (1.302) e Argentina (1.059). Em muitas situa\u00e7\u00f5es, pacientes passam meses ou anos recebendo apenas tratamentos para sintomas como dores, anemia ou fadiga antes de serem encaminhados para investiga\u00e7\u00e3o adequada.<\/p>\n<p class=\"texto\">&#13;\n<\/p>\n<p class=\"texto\">&#8220;O desafio \u00e9 ampliar o acesso a diagn\u00f3stico e tratamento. Sem isso, o avan\u00e7o silencioso do mieloma m\u00faltiplo continuar\u00e1 custando vidas que poderiam ser salvas com cuidado especializado oportuno&#8221;, disse Teodoro Mu\u00f1iz, l\u00edder de Hematologia da Pfizer no M\u00e9xico, durante o semin\u00e1rio educativo latino-americano de oncologia, realizado na semana passada, no Peru. &#8220;O diagn\u00f3stico precoce \u00e9 a prioridade&#8221;, completa.<\/p>\n<p class=\"texto\">O mieloma m\u00faltiplo costuma se manifestar de forma discreta no in\u00edcio, o que retarda a detec\u00e7\u00e3o. Quando os sintomas surgem, j\u00e1 podem incluir dor \u00f3ssea intensa na coluna ou costelas, fraturas frequentes devido ao enfraquecimento dos ossos, anemia, infec\u00e7\u00f5es recorrentes e complica\u00e7\u00f5es renais. Em est\u00e1gios avan\u00e7ados, pode causar confus\u00e3o mental e desidrata\u00e7\u00e3o, provocadas pelo excesso de c\u00e1lcio no sangue.<\/p>\n<p class=\"texto\">Apesar das dificuldades, o diagn\u00f3stico \u00e9 poss\u00edvel com exames de sangue e urina, avalia\u00e7\u00e3o da medula \u00f3ssea e m\u00e9todos de imagem como resson\u00e2ncia magn\u00e9tica e tomografia computadorizada. Quando identificado precocemente, o tratamento pode aumentar significativamente a sobrevida e a qualidade de vida dos pacientes. As principais op\u00e7\u00f5es terap\u00eauticas incluem quimioterapia, corticosteroides, transplante de medula \u00f3ssea e imunoterapia, que fortalece o sistema imunol\u00f3gico para combater as c\u00e9lulas doentes.<\/p>\n<p>Sintomas mais frequentes do mieloma m\u00faltiplo:<\/p>\n<ul>&#13;<\/p>\n<li>Dor \u00f3ssea na coluna, costelas ou quadris;<\/li>\n<p>&#13;<\/p>\n<li>Fraturas patol\u00f3gicas (ou seja, devidas ao enfraquecimento dos ossos);<\/li>\n<p>&#13;<\/p>\n<li>Fadiga e dificuldade para respirar, as quais est\u00e3o associadas \u00e0 anemia;<\/li>\n<p>&#13;<\/p>\n<li>Incha\u00e7o dos rins (nefropatia), decorrente do dano que o mieloma m\u00faltiplo provoca nos rins, o que impede que funcionem de maneira eficaz;<\/li>\n<p>&#13;<\/p>\n<li>Confus\u00e3o, perda de apetite ou sede excessiva, sintomas causados pelos altos n\u00edveis de c\u00e1lcio no sangue e pelo dano renal;<\/li>\n<p>&#13;<\/p>\n<li>Entorpecimento ou debilidade resultante da compress\u00e3o nervosa;<\/li>\n<p>&#13;<\/p>\n<li>Infec\u00e7\u00f5es recorrentes, como pneumonia ou sinusite, pois o c\u00e2ncer afeta a produ\u00e7\u00e3o de gl\u00f3bulos brancos.<\/li>\n<p>&#13;\n<\/ul>\n<p class=\"texto\">O jornalista viajou a convite da Pfizer<\/p>\n<ul>\n<li><a href=\"https:\/\/wa.me\/?text=Aumento+global+do+mieloma+m%C3%BAltiplo+acende+alerta+na+Am%C3%A9rica+Latina%20https:\/\/www.correiobraziliense.com.br\/ciencia-e-saude\/2025\/10\/7267854-aumento-global-do-mieloma-multiplo-acende-alerta-na-america-latina.html\" target=\"_blank\" title=\"Whatsapp\" aria-label=\"WhatsApp\" rel=\"nofollow noopener\"><\/a><\/li>\n<li><a href=\"https:\/\/www.facebook.com\/sharer.php?u=https:\/\/www.correiobraziliense.com.br%2Fciencia-e-saude%2F2025%2F10%2F7267854-aumento-global-do-mieloma-multiplo-acende-alerta-na-america-latina.html&amp;text=Aumento+global+do+mieloma+m%C3%BAltiplo+acende+alerta+na+Am%C3%A9rica+Latina\" target=\"_blank\" title=\"Facebook\" aria-label=\"Facebook\" rel=\"nofollow noopener\"><\/a><\/li>\n<li><a href=\"https:\/\/twitter.com\/intent\/tweet?url=https:\/\/www.correiobraziliense.com.br%2Fciencia-e-saude%2F2025%2F10%2F7267854-aumento-global-do-mieloma-multiplo-acende-alerta-na-america-latina.html&amp;text=Aumento+global+do+mieloma+m%C3%BAltiplo+acende+alerta+na+Am%C3%A9rica+Latina\" target=\"_blank\" title=\"Twitter\" aria-label=\"Twitter\" rel=\"nofollow noopener\"><\/a><\/li>\n<li><a href=\"https:\/\/profile.google.com\/cp\/CgovbS8wNzZ0dms1\" title=\"Google Discover\" target=\"_blank\" aria-label=\"Google Discover\" rel=\"nofollow noopener\"><img decoding=\"async\" src=\"https:\/\/www.europesays.com\/pt\/wp-content\/uploads\/2025\/10\/google-discover-icon.png\" style=\"height: 25px; margin: 0 !important; margin-left: 3px;\" alt=\"Google Discover Icon\"\/><\/a><\/li>\n<\/ul>\n<p>              <a href=\"https:\/\/www.correiobraziliense.com.br\/autor\/roberto-fonseca\/page\/1\/\" style=\"height: 100%;\" rel=\"nofollow noopener\" target=\"_blank\"><img decoding=\"async\" class=\"hidden-print author-circle d-block h6 mt-0 mb-0 mr-6 text-center\" src=\"https:\/\/www.europesays.com\/pt\/wp-content\/uploads\/2025\/07\/roberto-46310799.jpg\" alt=\"\" width=\"40\" height=\"40\" loading=\"lazy\" style=\"object-fit:cover; width: 40px; height: 40px; margin-right:10px;\"\/><\/a><a href=\"https:\/\/www.correiobraziliense.com.br\/autor\/roberto-fonseca\/page\/1\/\" rel=\"nofollow noopener\" target=\"_blank\"><img decoding=\"async\" class=\"hidden-print author-circle d-block h6 mt-0 mb-0 mr-6 text-center\" src=\"https:\/\/www.europesays.com\/pt\/wp-content\/uploads\/2025\/07\/roberto-46310799.jpg\" alt=\"\" width=\"40\" height=\"40\" loading=\"lazy\" style=\"object-fit:cover; width: 40px; height: 40px; margin-right:10px;\"\/><\/a>Roberto Fonseca  <strong class=\"entryStrongAuthor\">Subeditor<\/strong><\/p>\n<p class=\"entryDescricaoAuthor\">Formado em jornalismo no UniCeub, cursou ci\u00eancia pol\u00edtica na UnB com p\u00f3s-gradua\u00e7\u00e3o em Comunica\u00e7\u00e3o Pol\u00edtica no Legislativo. \u00c9 apresentador do programa CB.Poder, da TV Bras\u00edlia<\/p>\n<p>                          <script async src=\"https:\/\/platform.twitter.com\/widgets.js\" charset=\"utf-8\"><\/script><\/p>\n","protected":false},"excerpt":{"rendered":"Lima \u2014 O mieloma m\u00faltiplo, um c\u00e2ncer que afeta as c\u00e9lulas da medula \u00f3ssea respons\u00e1veis pela produ\u00e7\u00e3o de&hellip;\n","protected":false},"author":2,"featured_media":105425,"comment_status":"","ping_status":"","sticky":false,"template":"","format":"standard","meta":{"footnotes":""},"categories":[86],"tags":[1028,1776,116,7147,25352,6631,32,33,117],"class_list":{"0":"post-105424","1":"post","2":"type-post","3":"status-publish","4":"format-standard","5":"has-post-thumbnail","7":"category-saude","8":"tag-america-latina","9":"tag-cancer","10":"tag-health","11":"tag-lima","12":"tag-mieloma-multiplo","13":"tag-pfizer","14":"tag-portugal","15":"tag-pt","16":"tag-saude"},"share_on_mastodon":{"url":"","error":""},"_links":{"self":[{"href":"https:\/\/www.europesays.com\/pt\/wp-json\/wp\/v2\/posts\/105424","targetHints":{"allow":["GET"]}}],"collection":[{"href":"https:\/\/www.europesays.com\/pt\/wp-json\/wp\/v2\/posts"}],"about":[{"href":"https:\/\/www.europesays.com\/pt\/wp-json\/wp\/v2\/types\/post"}],"author":[{"embeddable":true,"href":"https:\/\/www.europesays.com\/pt\/wp-json\/wp\/v2\/users\/2"}],"replies":[{"embeddable":true,"href":"https:\/\/www.europesays.com\/pt\/wp-json\/wp\/v2\/comments?post=105424"}],"version-history":[{"count":0,"href":"https:\/\/www.europesays.com\/pt\/wp-json\/wp\/v2\/posts\/105424\/revisions"}],"wp:featuredmedia":[{"embeddable":true,"href":"https:\/\/www.europesays.com\/pt\/wp-json\/wp\/v2\/media\/105425"}],"wp:attachment":[{"href":"https:\/\/www.europesays.com\/pt\/wp-json\/wp\/v2\/media?parent=105424"}],"wp:term":[{"taxonomy":"category","embeddable":true,"href":"https:\/\/www.europesays.com\/pt\/wp-json\/wp\/v2\/categories?post=105424"},{"taxonomy":"post_tag","embeddable":true,"href":"https:\/\/www.europesays.com\/pt\/wp-json\/wp\/v2\/tags?post=105424"}],"curies":[{"name":"wp","href":"https:\/\/api.w.org\/{rel}","templated":true}]}}