{"id":105430,"date":"2025-10-10T19:33:08","date_gmt":"2025-10-10T19:33:08","guid":{"rendered":"https:\/\/www.europesays.com\/pt\/105430\/"},"modified":"2025-10-10T19:33:08","modified_gmt":"2025-10-10T19:33:08","slug":"benjamin-netanyahu-admite-que-sera-dificil-recuperar-todos-os-corpos-dos-refens","status":"publish","type":"post","link":"https:\/\/www.europesays.com\/pt\/105430\/","title":{"rendered":"Benjamin Netanyahu admite que ser\u00e1 dif\u00edcil recuperar todos os corpos dos ref\u00e9ns"},"content":{"rendered":"<p>                    Foi a primeira vez que o l\u00edder israelita reconheceu que, <b>apesar de todos os esfor\u00e7os, poder\u00e1 n\u00e3o ser poss\u00edvel recuperar todos os restos mortais dos ref\u00e9ns que morreram em Gaza<\/b>. A tradi\u00e7\u00e3o judaica exige que um corpo seja enterrado inteiro para honrar a imagem de Deus. Os corpos dos ref\u00e9ns poder\u00e3o estar contudo soterrados nos escombros das cidades de Gaza e a decomposi\u00e7\u00e3o poder\u00e1 dificultar as opera\u00e7\u00f5es.<\/p>\n<p>&#13;<br \/>\nA admiss\u00e3o vem tarde, mas faz\u00ea-la antes poderia prejudicar o esfor\u00e7o de guerra.\u00a0&#13;\n<\/p>\n<p>&#13;<br \/>\nO governo israelita est\u00e1 ciente h\u00e1 meses de que o Hamas pode n\u00e3o saber a localiza\u00e7\u00e3o ou n\u00e3o conseguir recuperar os restos mortais de alguns dos ref\u00e9ns falecidos.&#13;\n<\/p>\n<p>\nIgualmente, na quinta-feira, ao anunciar a liberta\u00e7\u00e3o dos ref\u00e9ns &#8220;na segunda ou na ter\u00e7a-feira&#8221;, o presidente norte-americano, Donald Trump, afirmou que poder\u00e1 ser dif\u00edcil recuperar no imediato todos os restos mortais dos que sucumbiram em cativeiro, &#8220;porque <b>alguns corpos ser\u00e3o um pouco dif\u00edceis de encontrar<\/b>&#8220;.<\/p>\n<p>Quando a guerra eclodiu h\u00e1 dois anos, ap\u00f3s o ataque do Hamas a Israel que resultou no sequestro de 251 pessoas, incluindo muheres, <b>Netanyahu justificou o avan\u00e7o militar sobre a Faixa de Gaza com um duplo objetivo, destruir o Hamas e libertar os ref\u00e9ns<\/b>, trazendo-os de volta para Israel.<\/p>\n<p>Esta sexta-feira, com o in\u00edcio da aplica\u00e7\u00e3o de um novo acordo de cessar-fogo proposto por Trump e aceite pelas partes, sob media\u00e7\u00e3o, Benjamin Netanyahu afirmou que cumpriu a promessa ent\u00e3o feita \u00e0s fam\u00edlias.<\/p>\n<p>O primeiro-ministro de Israel prometeu que &#8220;n\u00e3o iremos desistir de ningu\u00e9m&#8221;. &#8220;E realmente, todos os ref\u00e9ns regressar\u00e3o para junto de n\u00f3s. Nos pr\u00f3ximos dias, se Deus quiser, traremos todos&#8221;, disse.<br \/>&#13;<br \/>\nA ang\u00fastia das fam\u00edlias<br \/>&#13;<br \/>\n<b>Atualmente, continuar\u00e3o vivas 20 das 251 pessoas sequestradas a 7 de outubro de 2023.<\/b><\/p>\n<p>Aos microfones da CNN, o pai de um dos ref\u00e9ns, americano, reconheceu que a incerteza e a antecipa\u00e7\u00e3o para saber se o seu filho, Itay, est\u00e1 vivo ou morto, \u00e9 terr\u00edvel e continua a pesar sobre toda a fam\u00edlia.<\/p>\n<p>Um pesadelo \u00e9 vivido por todos os que esperam por not\u00edcias. <\/p>\n<p>Em comunicado, a fam\u00edlia do estudante nepal\u00eas Bipib Joshi, raptado a 7 de outubro de 2023, disse ser <b>&#8220;intoler\u00e1vel o estado de incerteza sobre o seu destino&#8221;<\/b>.<\/p>\n<p>As autoridades admitiram ignorar o estado de Joshi e de um outro ref\u00e9m. Netanyahu referiu que continuam &#8220;20 ref\u00e9ns vivos e 28 est\u00e3o mortos&#8221;.<\/p>\n<p>&#8220;Estes s\u00e3o dias tensos e complexos para todos n\u00f3s; dias de tremenda alegria, ansiedade, antecipa\u00e7\u00e3o e tristeza&#8221;, acrescentou a fam\u00edlia do jovem nepal\u00eas.<\/p>\n<p>&#8220;Sentimo-nos rodeados de amor e apoio, mas pedimos gentilmente que a privacidade da fam\u00edlia e o nosso desejo de aguardar not\u00edcias em sil\u00eancio sejam respeitados&#8221;, disseram ao concluir o comunicado. &#8220;Agradecemos a vossa abertura de cora\u00e7\u00e3o. Por favor, rezem connosco por boas not\u00edcias&#8221;.&#13;<\/p>\n","protected":false},"excerpt":{"rendered":"Foi a primeira vez que o l\u00edder israelita reconheceu que, apesar de todos os esfor\u00e7os, poder\u00e1 n\u00e3o ser&hellip;\n","protected":false},"author":2,"featured_media":105431,"comment_status":"","ping_status":"","sticky":false,"template":"","format":"standard","meta":{"footnotes":""},"categories":[50],"tags":[258,27,28,92,15,16,532,14,259,25,26,21,22,62,12,13,19,20,23,24,4783,17,18,29,30,31,63,64,65],"class_list":{"0":"post-105430","1":"post","2":"type-post","3":"status-publish","4":"format-standard","5":"has-post-thumbnail","7":"category-mundo","8":"tag-benjamin-netanyahu","9":"tag-breaking-news","10":"tag-breakingnews","11":"tag-donald-trump","12":"tag-featured-news","13":"tag-featurednews","14":"tag-gaza","15":"tag-headlines","16":"tag-israel","17":"tag-latest-news","18":"tag-latestnews","19":"tag-main-news","20":"tag-mainnews","21":"tag-mundo","22":"tag-news","23":"tag-noticias","24":"tag-noticias-principais","25":"tag-noticiasprincipais","26":"tag-principais-noticias","27":"tag-principaisnoticias","28":"tag-refens","29":"tag-top-stories","30":"tag-topstories","31":"tag-ultimas","32":"tag-ultimas-noticias","33":"tag-ultimasnoticias","34":"tag-world","35":"tag-world-news","36":"tag-worldnews"},"share_on_mastodon":{"url":"","error":""},"_links":{"self":[{"href":"https:\/\/www.europesays.com\/pt\/wp-json\/wp\/v2\/posts\/105430","targetHints":{"allow":["GET"]}}],"collection":[{"href":"https:\/\/www.europesays.com\/pt\/wp-json\/wp\/v2\/posts"}],"about":[{"href":"https:\/\/www.europesays.com\/pt\/wp-json\/wp\/v2\/types\/post"}],"author":[{"embeddable":true,"href":"https:\/\/www.europesays.com\/pt\/wp-json\/wp\/v2\/users\/2"}],"replies":[{"embeddable":true,"href":"https:\/\/www.europesays.com\/pt\/wp-json\/wp\/v2\/comments?post=105430"}],"version-history":[{"count":0,"href":"https:\/\/www.europesays.com\/pt\/wp-json\/wp\/v2\/posts\/105430\/revisions"}],"wp:featuredmedia":[{"embeddable":true,"href":"https:\/\/www.europesays.com\/pt\/wp-json\/wp\/v2\/media\/105431"}],"wp:attachment":[{"href":"https:\/\/www.europesays.com\/pt\/wp-json\/wp\/v2\/media?parent=105430"}],"wp:term":[{"taxonomy":"category","embeddable":true,"href":"https:\/\/www.europesays.com\/pt\/wp-json\/wp\/v2\/categories?post=105430"},{"taxonomy":"post_tag","embeddable":true,"href":"https:\/\/www.europesays.com\/pt\/wp-json\/wp\/v2\/tags?post=105430"}],"curies":[{"name":"wp","href":"https:\/\/api.w.org\/{rel}","templated":true}]}}