{"id":105432,"date":"2025-10-10T19:34:30","date_gmt":"2025-10-10T19:34:30","guid":{"rendered":"https:\/\/www.europesays.com\/pt\/105432\/"},"modified":"2025-10-10T19:34:30","modified_gmt":"2025-10-10T19:34:30","slug":"jose-luis-carneiro-isto-nao-vai-ser-um-desastre","status":"publish","type":"post","link":"https:\/\/www.europesays.com\/pt\/105432\/","title":{"rendered":"Jos\u00e9 Lu\u00eds Carneiro: \u201cIsto n\u00e3o vai ser um desastre\u201d"},"content":{"rendered":"<p>Jos\u00e9 Lu\u00eds Carneiro sai de casa de manh\u00e3, numa freguesia no norte de Lisboa, bebe um gal\u00e3o na pastelaria, entra no metro e percorre a cidade toda at\u00e9 ao Cais do Sodr\u00e9. Aqui esperam-no Marta Temido e Mariana Vieira da Silva, seguindo depois os tr\u00eas de barco para Cacilhas, onde come\u00e7ar\u00e1 mais um dia na campanha aut\u00e1rquica do l\u00edder do PS.<\/p>\n<p><a href=\"https:\/\/expresso.pt\/subscrever?action=GEN&amp;channel=VID&amp;type=CAP&amp;source=WEB&amp;returnUrl=https:\/\/expresso.pt\/politica\/eleicoes\/autarquicas-2025\/2025-10-09-jose-luis-carneiro-isto-nao-vai-ser-um-desastre-add59847&amp;utm_source=expresso&amp;utm_medium=locked_article&amp;locked=true&amp;article_id=2e7ebfe3-75f2-43a1-ad60-372735013217&amp;author_id=Jo\u00e3o+Pedro+Henriques,Tiago+Miranda&amp;category=Aut\u00e1rquicas+2025\" target=\"_self\" class=\"\" rel=\"nofollow noopener\">Subscrever<\/a>J\u00e1 \u00e9 Subscritor?Fa\u00e7a login e continue a ler<a href=\"http:\/\/expresso.pt\/codigo?redirectUrl=https:\/\/expresso.pt\/politica\/eleicoes\/autarquicas-2025\/2025-10-09-jose-luis-carneiro-isto-nao-vai-ser-um-desastre-add59847\" target=\"_self\" class=\"\" rel=\"nofollow noopener\">Inserir C\u00f3digo<\/a>Comprou o Expresso?Insira o c\u00f3digo presente na Revista E para continuar a ler<\/p>\n","protected":false},"excerpt":{"rendered":"Jos\u00e9 Lu\u00eds Carneiro sai de casa de manh\u00e3, numa freguesia no norte de Lisboa, bebe um gal\u00e3o na&hellip;\n","protected":false},"author":2,"featured_media":105433,"comment_status":"","ping_status":"","sticky":false,"template":"","format":"standard","meta":{"footnotes":""},"categories":[10],"tags":[27,28,15,16,14,25,26,21,22,12,13,19,20,32,23,24,33,17,18,29,30,31],"class_list":{"0":"post-105432","1":"post","2":"type-post","3":"status-publish","4":"format-standard","5":"has-post-thumbnail","7":"category-portugal","8":"tag-breaking-news","9":"tag-breakingnews","10":"tag-featured-news","11":"tag-featurednews","12":"tag-headlines","13":"tag-latest-news","14":"tag-latestnews","15":"tag-main-news","16":"tag-mainnews","17":"tag-news","18":"tag-noticias","19":"tag-noticias-principais","20":"tag-noticiasprincipais","21":"tag-portugal","22":"tag-principais-noticias","23":"tag-principaisnoticias","24":"tag-pt","25":"tag-top-stories","26":"tag-topstories","27":"tag-ultimas","28":"tag-ultimas-noticias","29":"tag-ultimasnoticias"},"share_on_mastodon":{"url":"","error":""},"_links":{"self":[{"href":"https:\/\/www.europesays.com\/pt\/wp-json\/wp\/v2\/posts\/105432","targetHints":{"allow":["GET"]}}],"collection":[{"href":"https:\/\/www.europesays.com\/pt\/wp-json\/wp\/v2\/posts"}],"about":[{"href":"https:\/\/www.europesays.com\/pt\/wp-json\/wp\/v2\/types\/post"}],"author":[{"embeddable":true,"href":"https:\/\/www.europesays.com\/pt\/wp-json\/wp\/v2\/users\/2"}],"replies":[{"embeddable":true,"href":"https:\/\/www.europesays.com\/pt\/wp-json\/wp\/v2\/comments?post=105432"}],"version-history":[{"count":0,"href":"https:\/\/www.europesays.com\/pt\/wp-json\/wp\/v2\/posts\/105432\/revisions"}],"wp:featuredmedia":[{"embeddable":true,"href":"https:\/\/www.europesays.com\/pt\/wp-json\/wp\/v2\/media\/105433"}],"wp:attachment":[{"href":"https:\/\/www.europesays.com\/pt\/wp-json\/wp\/v2\/media?parent=105432"}],"wp:term":[{"taxonomy":"category","embeddable":true,"href":"https:\/\/www.europesays.com\/pt\/wp-json\/wp\/v2\/categories?post=105432"},{"taxonomy":"post_tag","embeddable":true,"href":"https:\/\/www.europesays.com\/pt\/wp-json\/wp\/v2\/tags?post=105432"}],"curies":[{"name":"wp","href":"https:\/\/api.w.org\/{rel}","templated":true}]}}