{"id":105434,"date":"2025-10-10T19:36:14","date_gmt":"2025-10-10T19:36:14","guid":{"rendered":"https:\/\/www.europesays.com\/pt\/105434\/"},"modified":"2025-10-10T19:36:14","modified_gmt":"2025-10-10T19:36:14","slug":"acordo-de-cessar-fogo-na-faixa-de-gaza-nao-estamos-a-assistir-ao-fim-da-guerra-expresso","status":"publish","type":"post","link":"https:\/\/www.europesays.com\/pt\/105434\/","title":{"rendered":"Acordo de cessar-fogo na Faixa de Gaza: \u201cN\u00e3o estamos a assistir ao fim da guerra\u201d &#8211; Expresso"},"content":{"rendered":"<ol>\n<li><a href=\"https:\/\/news.google.com\/rss\/articles\/CBMi-gFBVV95cUxQVWNMTkxZUWt3X0Q2X3hHVXU4RU8yUEREa0t4QUwxVFdFaUxrMWlvTGhtbjZBRlFpZ1NBYXRwWUhQa0ZxVXhjU3FYOTlSYTNRQ2lXbFRYNm9lVjNZMmJvb0JLTWtObXF4c3dEQUxPOHdZdjVMODkzSF9TaURReXY4OEpiUlNESFR3c2lScmkydTFYYXZQYW9Uc3VtNlFhOEdTbzhVMnZYZ0otOTF6N0tib3FFYzJDczB6MTZSOFBONzZGdVd4Q1ZnRWcwWkJaY0tnVGs4WXkwTXlYbHVXMlBfTTY5eHVzdVNVVDUwLXpyUHFzUEtTdm9Rc29n0gH_AUFVX3lxTE1xS1F0eFlxeVJmNWtoOU8tZzdGMzNfU2lSbWhiU0s3WU5lLVNILUp6LV90TXItalFEZ2wyTjFJQnZPQ1dlYmxUUmJJZlpha2tlcmVNdkRVamoyUUV2UnVBYi1VdVdOR3VfTDdLTENTN2JmUWlOcFl4TDdBTk1nVEwxdUhWbzdQNENfOXVSU2JHaG83amEybS1FVGJvX3ZoUF9KaHdyVm5XeWQwWTUzSnd6SmhlS1I5OENpdGdtWmFOLW82MEFlN0dFOFFXWk9XNHZ1TnRsSmg3M0ptaEpHOEpTMEpIRHV3TFdKcFMyd2lWbFV6RWQ2NGVTeTZaQTdRMA?oc=5\" target=\"_blank\" rel=\"nofollow noopener\">Acordo de cessar-fogo na Faixa de Gaza: \u201cN\u00e3o estamos a assistir ao fim da guerra\u201d<\/a>&nbsp;&nbsp;Expresso<\/li>\n<li><a href=\"https:\/\/news.google.com\/rss\/articles\/CBMimwFBVV95cUxNTUpJaU9UY3ktaVdaaGxocWJJejl4RlN0VE80VDhFS2hMbUR2MXB0N0M5THhNWTU0aWV4VzlTcHVwRXBGcXNFdHdhbGRzVm41VTB0YlZ6QnBfUE9scUZoZlUyNGU2MEZCcmV1OV9QY3NadlVIN3BqNXlzY0pEVmZfazVSQ0FOLWFKYnBuaDUyT0tSVHFCUV9oWUs0c9IBqgFBVV95cUxOVEdPOWVjTV91aFd0WkN2SGMwVlktWlg5U3o2WUJMSnFpLUJvVUhVcFYwdDdLNF9FRzh4QlNaSTc5YnlUVWtlM2lLbV9yVUVkQzgySlhvN3JOZldialN3RDZRd2Utanl3S3haYTBoMjUwMzJsYUNTV3NsdkNOVE85ZHpCMDNyMFBpUW5tRlRFUmVFaUVoZDJtdlgyRVA2c1hVYUtxT0diQzdYZw?oc=5\" target=\"_blank\" rel=\"nofollow noopener\">V\u00cdDEO mostra milhares de palestinos voltando para Gaza ap\u00f3s cessar-fogo entrar em vigor; tropas de Israel recuam<\/a>&nbsp;&nbsp;G1<\/li>\n<li><a href=\"https:\/\/news.google.com\/rss\/articles\/CBMi3AFBVV95cUxQam45UzVVdmU5TVlqVVc0NVVsM3YxNDJFd0JYMHZ2MTNEcWFjTUtnRVVsc2ljR0FlU0ZYSXpOUENrakpHNnJFN2NjTjRqb1hBdmVDbG9NYTJNMldVMW5PbmN5WjhKMC1wNkhxMjdxZlUzbmlRS0tlamMtOFhndzZNRFFIeUU1akRtUWhoclJwT29vVzZjOGIyVi15N3RQaUVPZm9xclQ2UTY0UzBzVlRmV0gtQ2pQdkNWSlAxTWw5bWNsS21JVll3cWRyczhYVmppTlhsd2FIekxleFJz?oc=5\" target=\"_blank\" rel=\"nofollow noopener\">200 mil pessoas voltaram \u00e0 Gaza desde cessar-fogo entre Israel e Hamas<\/a>&nbsp;&nbsp;UOL Not\u00edcias<\/li>\n<li><a href=\"https:\/\/news.google.com\/rss\/articles\/CBMiygFBVV95cUxPQU9BcHJ4YU5tbXotTmMzcmdZWURSY3NoM1ZaSnJFOWRrelBIRFZlOGhOU3VQZGxfYUp6VGlqM19taVVPY3R4TTVzQTlHM0tFbVFZRXlMODVnZE5nR3pGdW1NalpuRUprNm85aldhbl9yV3NyeU5oUXFwR2RlR2oxQ1ctQkMzQ0dUUjFnYks5NmFacHFYX0JYMVV1cXBVVldMTnRUMUU1ZmtObE82Qi1mSE1IeXVDVUZRVGlhZGdLMWN4V2ZJdkZYMTJB?oc=5\" target=\"_blank\" rel=\"nofollow noopener\">Israel aprova cessar-fogo com Hamas; acordo deve come\u00e7ar em 24 horas<\/a>&nbsp;&nbsp;Ag\u00eancia Brasil<\/li>\n<li><a href=\"https:\/\/news.google.com\/rss\/articles\/CBMirgFBVV95cUxOX3JZQ2dMMHBlOF9LZ3RraEcyN010NS16WTIyY0N5SnV3Q3pJZDF1ZkszWENTRUlTWmFfbUdTZjFMS3B0Ql9kQ0NlbS1rS3pqTUFSclZ4SDFBcnVyMEIzckpmUkc5Nzc5a0RTSUVURGpzSnNWbE9LcURyaUFUTlhtTVlYcGtwRHNUdFNjdHkzMi15VlUzanVtcUlQRTRlUE9CdlJoUkRwTW5lX2Nya1E?oc=5\" target=\"_blank\" rel=\"nofollow noopener\">Ataques acontecem em Gaza ap\u00f3s aprova\u00e7\u00e3o de acordo de cessar-fogo<\/a>&nbsp;&nbsp;CNN Brasil<\/li>\n<\/ol>\n","protected":false},"excerpt":{"rendered":"Acordo de cessar-fogo na Faixa de Gaza: \u201cN\u00e3o estamos a assistir ao fim da guerra\u201d&nbsp;&nbsp;Expresso V\u00cdDEO mostra milhares&hellip;\n","protected":false},"author":2,"featured_media":99287,"comment_status":"","ping_status":"","sticky":false,"template":"","format":"standard","meta":{"footnotes":""},"categories":[8],"tags":[27,28,15,16,14,25,26,21,22,12,13,19,20,32,23,24,33,17,18,29,30,31],"class_list":{"0":"post-105434","1":"post","2":"type-post","3":"status-publish","4":"format-standard","5":"has-post-thumbnail","7":"category-principais-noticias","8":"tag-breaking-news","9":"tag-breakingnews","10":"tag-featured-news","11":"tag-featurednews","12":"tag-headlines","13":"tag-latest-news","14":"tag-latestnews","15":"tag-main-news","16":"tag-mainnews","17":"tag-news","18":"tag-noticias","19":"tag-noticias-principais","20":"tag-noticiasprincipais","21":"tag-portugal","22":"tag-principais-noticias","23":"tag-principaisnoticias","24":"tag-pt","25":"tag-top-stories","26":"tag-topstories","27":"tag-ultimas","28":"tag-ultimas-noticias","29":"tag-ultimasnoticias"},"share_on_mastodon":{"url":"","error":""},"_links":{"self":[{"href":"https:\/\/www.europesays.com\/pt\/wp-json\/wp\/v2\/posts\/105434","targetHints":{"allow":["GET"]}}],"collection":[{"href":"https:\/\/www.europesays.com\/pt\/wp-json\/wp\/v2\/posts"}],"about":[{"href":"https:\/\/www.europesays.com\/pt\/wp-json\/wp\/v2\/types\/post"}],"author":[{"embeddable":true,"href":"https:\/\/www.europesays.com\/pt\/wp-json\/wp\/v2\/users\/2"}],"replies":[{"embeddable":true,"href":"https:\/\/www.europesays.com\/pt\/wp-json\/wp\/v2\/comments?post=105434"}],"version-history":[{"count":0,"href":"https:\/\/www.europesays.com\/pt\/wp-json\/wp\/v2\/posts\/105434\/revisions"}],"wp:featuredmedia":[{"embeddable":true,"href":"https:\/\/www.europesays.com\/pt\/wp-json\/wp\/v2\/media\/99287"}],"wp:attachment":[{"href":"https:\/\/www.europesays.com\/pt\/wp-json\/wp\/v2\/media?parent=105434"}],"wp:term":[{"taxonomy":"category","embeddable":true,"href":"https:\/\/www.europesays.com\/pt\/wp-json\/wp\/v2\/categories?post=105434"},{"taxonomy":"post_tag","embeddable":true,"href":"https:\/\/www.europesays.com\/pt\/wp-json\/wp\/v2\/tags?post=105434"}],"curies":[{"name":"wp","href":"https:\/\/api.w.org\/{rel}","templated":true}]}}