{"id":105435,"date":"2025-10-10T19:41:10","date_gmt":"2025-10-10T19:41:10","guid":{"rendered":"https:\/\/www.europesays.com\/pt\/105435\/"},"modified":"2025-10-10T19:41:10","modified_gmt":"2025-10-10T19:41:10","slug":"leonardo-dicaprio-pode-substituir-val-kilmer","status":"publish","type":"post","link":"https:\/\/www.europesays.com\/pt\/105435\/","title":{"rendered":"Leonardo DiCaprio pode substituir Val Kilmer"},"content":{"rendered":"<p>Quase tr\u00eas d\u00e9cadas depois de marcar o g\u00eanero policial, &#8220;Fogo Contra Fogo&#8221; est\u00e1 prestes a ganhar uma continua\u00e7\u00e3o e com um novo rosto em um dos pap\u00e9is mais marcantes do cinema dos anos 1990.<\/p>\n<p>O nome de Leonardo DiCaprio desponta como o principal candidato para substituir Val Kilmer, que interpretava Chris Shiherlis, um dos membros do grupo de assaltantes liderado por Robert De Niro. <strong><a href=\"https:\/\/www.otempo.com.br\/entretenimento\/2025\/4\/2\/val-kilmer-conheca-os-principais-filmes-da-carreira-do-ator-que-morreu-aos-65-anos\" target=\"_blank\" rel=\"noopener nofollow\">Kilmer morreu em abril deste ano.<\/a><\/strong><\/p>\n<p>A produ\u00e7\u00e3o original, estrelada por De Niro e Al Pacino, virou um marco do cinema de a\u00e7\u00e3o por unir as duas lendas em uma das cenas mais intensas e reverenciadas da hist\u00f3ria &#8211; o encontro no restaurante entre o policial e o criminoso.<\/p>\n<p>Agora, o novo cap\u00edtulo promete explorar duas linhas do tempo: o passado, nos anos 1980, mostrando a ascens\u00e3o de McCauley e Hanna em lados opostos da lei; e o futuro, ap\u00f3s o assalto que marcou o desfecho do primeiro filme.<\/p>\n<p>A ideia de escalar DiCaprio n\u00e3o \u00e9 apenas uma homenagem: \u00e9 tamb\u00e9m uma tentativa de atualizar a saga com o mesmo peso dram\u00e1tico que Kilmer trouxe em sua interpreta\u00e7\u00e3o. O ator, que morreu em abril de 2025 aos 65 anos, havia se tornado um \u00edcone do g\u00eanero ap\u00f3s pap\u00e9is em &#8220;Top Gun&#8221; e no pr\u00f3prio &#8220;Fogo Contra Fogo&#8221;.<\/p>\n<p>A continua\u00e7\u00e3o, baseada no livro lan\u00e7ado por Mann em 2022, deve ser produzida pela Amazon MGM Studios \u0097 depois que o projeto deixou a Warner Bros. por diverg\u00eancias de or\u00e7amento.<\/p>\n<p>As filmagens est\u00e3o previstas para come\u00e7ar em 2026, e a expectativa \u00e9 de que o filme mantenha o realismo tenso, a fotografia fria e o conflito moral que tornaram o original uma refer\u00eancia cinematogr\u00e1fica.<\/p>\n","protected":false},"excerpt":{"rendered":"Quase tr\u00eas d\u00e9cadas depois de marcar o g\u00eanero policial, &#8220;Fogo Contra Fogo&#8221; est\u00e1 prestes a ganhar uma continua\u00e7\u00e3o&hellip;\n","protected":false},"author":2,"featured_media":105436,"comment_status":"","ping_status":"","sticky":false,"template":"","format":"standard","meta":{"footnotes":""},"categories":[145],"tags":[211,210,114,115,8499,32,33,25353],"class_list":{"0":"post-105435","1":"post","2":"type-post","3":"status-publish","4":"format-standard","5":"has-post-thumbnail","7":"category-celebridades","8":"tag-celebridades","9":"tag-celebrities","10":"tag-entertainment","11":"tag-entretenimento","12":"tag-leonardo-dicaprio","13":"tag-portugal","14":"tag-pt","15":"tag-val-kilmer"},"share_on_mastodon":{"url":"","error":""},"_links":{"self":[{"href":"https:\/\/www.europesays.com\/pt\/wp-json\/wp\/v2\/posts\/105435","targetHints":{"allow":["GET"]}}],"collection":[{"href":"https:\/\/www.europesays.com\/pt\/wp-json\/wp\/v2\/posts"}],"about":[{"href":"https:\/\/www.europesays.com\/pt\/wp-json\/wp\/v2\/types\/post"}],"author":[{"embeddable":true,"href":"https:\/\/www.europesays.com\/pt\/wp-json\/wp\/v2\/users\/2"}],"replies":[{"embeddable":true,"href":"https:\/\/www.europesays.com\/pt\/wp-json\/wp\/v2\/comments?post=105435"}],"version-history":[{"count":0,"href":"https:\/\/www.europesays.com\/pt\/wp-json\/wp\/v2\/posts\/105435\/revisions"}],"wp:featuredmedia":[{"embeddable":true,"href":"https:\/\/www.europesays.com\/pt\/wp-json\/wp\/v2\/media\/105436"}],"wp:attachment":[{"href":"https:\/\/www.europesays.com\/pt\/wp-json\/wp\/v2\/media?parent=105435"}],"wp:term":[{"taxonomy":"category","embeddable":true,"href":"https:\/\/www.europesays.com\/pt\/wp-json\/wp\/v2\/categories?post=105435"},{"taxonomy":"post_tag","embeddable":true,"href":"https:\/\/www.europesays.com\/pt\/wp-json\/wp\/v2\/tags?post=105435"}],"curies":[{"name":"wp","href":"https:\/\/api.w.org\/{rel}","templated":true}]}}