{"id":105447,"date":"2025-10-10T19:48:08","date_gmt":"2025-10-10T19:48:08","guid":{"rendered":"https:\/\/www.europesays.com\/pt\/105447\/"},"modified":"2025-10-10T19:48:08","modified_gmt":"2025-10-10T19:48:08","slug":"mosquito-tigre-identificado-em-vila-verde-nao-ha-casos-de-transmissao-de-doencas-mosquitos","status":"publish","type":"post","link":"https:\/\/www.europesays.com\/pt\/105447\/","title":{"rendered":"Mosquito-tigre identificado em Vila Verde. N\u00e3o h\u00e1 casos de transmiss\u00e3o de doen\u00e7as | Mosquitos"},"content":{"rendered":"<p>A presen\u00e7a do comummente conhecido como mosquito-tigre foi identificada em Vila Verde, distrito de Braga, mas ainda n\u00e3o foram detectados mosquitos infectados nem registados casos de doen\u00e7a transmitida, anunciou esta sexta-feira a Unidade Local de Sa\u00fade (ULS) de Braga.<\/p>\n<p>Em comunicado, a ULS refere que aquele mosquito \u00e9 considerado uma esp\u00e9cie invasora e apresenta capacidade para transmitir <a href=\"https:\/\/www.publico.pt\/2025\/08\/31\/azul\/noticia\/invasao-mosquito-dengue-zika-portugal-ate-carica-crescer-2145391\" target=\"_blank\" rel=\"nofollow noopener\">doen\u00e7as como dengue, zika e chikungunya<\/a>. &#8220;Importa, contudo, salientar que at\u00e9 ao momento n\u00e3o foram detectados mosquitos infectados nem registados casos de doen\u00e7a transmitida localmente&#8221;, sublinha.<\/p>\n<p>Segundo a ULS Braga, est\u00e1 j\u00e1 em curso uma interven\u00e7\u00e3o intersectorial, desenvolvida em &#8220;estreita colabora\u00e7\u00e3o&#8221; com entidades locais, com o objectivo de prevenir e controlar a prolifera\u00e7\u00e3o daquele mosquito invasor.<\/p>\n<p>A ULS Braga destaca a import\u00e2ncia da adop\u00e7\u00e3o de medidas preventivas pela popula\u00e7\u00e3o, nomeadamente a elimina\u00e7\u00e3o de locais com \u00e1gua parada, que funcionam como potenciais criadouros, e a protec\u00e7\u00e3o individual contra picadas de mosquitos. &#8220;Medidas simples, como retirar a \u00e1gua acumulada em pratos de vasos, recipientes ou caleiras, lavar frequentemente bebedouros de animais e proteger as habita\u00e7\u00f5es com redes mosquiteiras, s\u00e3o fundamentais&#8221;, adianta.<\/p>\n<p>Adicionalmente, aponta o uso de <a href=\"https:\/\/www.publico.pt\/2025\/07\/04\/ciencia\/noticia\/alho-repelente-mosquitos-eis-ciencia-2138698\" target=\"_blank\" rel=\"nofollow noopener\">repelente<\/a>, o recurso a roupas compridas e claras e a aten\u00e7\u00e3o redobrada nos per\u00edodos do amanhecer e entardecer, momentos de maior actividade do mosquito, como comportamentos de preven\u00e7\u00e3o &#8220;altamente eficazes&#8221;.<\/p>\n<p>&#8220;A confirma\u00e7\u00e3o da presen\u00e7a do mosquito-tigre na nossa regi\u00e3o exige um esfor\u00e7o conjunto entre as entidades de sa\u00fade, as autarquias e a popula\u00e7\u00e3o. S\u00f3 com a <a href=\"https:\/\/www.publico.pt\/2025\/08\/31\/azul\/noticia\/viu-mosquito-estranho-prevenir-invasores-2145396\" target=\"_blank\" rel=\"nofollow noopener\">colabora\u00e7\u00e3o <\/a>de todos ser\u00e1 poss\u00edvel controlar a sua expans\u00e3o e reduzir o risco de transmiss\u00e3o de doen\u00e7as&#8221;, alerta a ULS.<\/p>\n<p>Pedro Pereira, coordenador da Unidade de Sa\u00fade P\u00fablica da ULS Braga, diz ser fundamental que cada cidad\u00e3o adopte medidas simples no seu dia-a-dia, como eliminar locais com \u00e1gua parada e proteger-se contra as picadas.<\/p>\n<p>O alerta inicial foi recebido no final de 2024, tendo a Unidade de Sa\u00fade P\u00fablica da ULS Braga refor\u00e7ado a vigil\u00e2ncia no \u00e2mbito da Rede de Vigil\u00e2ncia de Vectores, programa nacional que monitoriza a presen\u00e7a e a actividade de mosquitos e carra\u00e7as. Ap\u00f3s este refor\u00e7o, foi confirmada a presen\u00e7a da esp\u00e9cie.<\/p>\n","protected":false},"excerpt":{"rendered":"A presen\u00e7a do comummente conhecido como mosquito-tigre foi identificada em Vila Verde, distrito de Braga, mas ainda n\u00e3o&hellip;\n","protected":false},"author":2,"featured_media":105448,"comment_status":"","ping_status":"","sticky":false,"template":"","format":"standard","meta":{"footnotes":""},"categories":[86],"tags":[964,1912,109,1891,8036,116,1890,542,32,33,117,896,25354,1892],"class_list":{"0":"post-105447","1":"post","2":"type-post","3":"status-publish","4":"format-standard","5":"has-post-thumbnail","7":"category-saude","8":"tag-ambiente","9":"tag-braga","10":"tag-ciencia","11":"tag-dengue","12":"tag-especies-invasoras","13":"tag-health","14":"tag-mosquitos","15":"tag-para-redes","16":"tag-portugal","17":"tag-pt","18":"tag-saude","19":"tag-saude-publica","20":"tag-vila-verde","21":"tag-zika"},"share_on_mastodon":{"url":"","error":""},"_links":{"self":[{"href":"https:\/\/www.europesays.com\/pt\/wp-json\/wp\/v2\/posts\/105447","targetHints":{"allow":["GET"]}}],"collection":[{"href":"https:\/\/www.europesays.com\/pt\/wp-json\/wp\/v2\/posts"}],"about":[{"href":"https:\/\/www.europesays.com\/pt\/wp-json\/wp\/v2\/types\/post"}],"author":[{"embeddable":true,"href":"https:\/\/www.europesays.com\/pt\/wp-json\/wp\/v2\/users\/2"}],"replies":[{"embeddable":true,"href":"https:\/\/www.europesays.com\/pt\/wp-json\/wp\/v2\/comments?post=105447"}],"version-history":[{"count":0,"href":"https:\/\/www.europesays.com\/pt\/wp-json\/wp\/v2\/posts\/105447\/revisions"}],"wp:featuredmedia":[{"embeddable":true,"href":"https:\/\/www.europesays.com\/pt\/wp-json\/wp\/v2\/media\/105448"}],"wp:attachment":[{"href":"https:\/\/www.europesays.com\/pt\/wp-json\/wp\/v2\/media?parent=105447"}],"wp:term":[{"taxonomy":"category","embeddable":true,"href":"https:\/\/www.europesays.com\/pt\/wp-json\/wp\/v2\/categories?post=105447"},{"taxonomy":"post_tag","embeddable":true,"href":"https:\/\/www.europesays.com\/pt\/wp-json\/wp\/v2\/tags?post=105447"}],"curies":[{"name":"wp","href":"https:\/\/api.w.org\/{rel}","templated":true}]}}