{"id":105452,"date":"2025-10-10T19:52:38","date_gmt":"2025-10-10T19:52:38","guid":{"rendered":"https:\/\/www.europesays.com\/pt\/105452\/"},"modified":"2025-10-10T19:52:38","modified_gmt":"2025-10-10T19:52:38","slug":"bruxelas-vai-investigar-alegada-espionagem-hungara-das-instituicoes-europeias-uniao-europeia","status":"publish","type":"post","link":"https:\/\/www.europesays.com\/pt\/105452\/","title":{"rendered":"Bruxelas vai investigar alegada espionagem h\u00fangara das institui\u00e7\u00f5es europeias | Uni\u00e3o Europeia"},"content":{"rendered":"<p>A Comiss\u00e3o Europeia vai abrir uma investiga\u00e7\u00e3o para apurar as alega\u00e7\u00f5es de que o Governo h\u00fangaro ter\u00e1 tentado espiar as institui\u00e7\u00f5es europeias, anunciou um porta-voz da comiss\u00e3o.<\/p>\n<p>As suspeitas t\u00eam por base uma investiga\u00e7\u00e3o levada a cabo por um cons\u00f3rcio de jornalismo de investiga\u00e7\u00e3o, que inclui o alem\u00e3o Der Spiegel e o belga De Tijd, que descobriu que a Hungria enviou espi\u00f5es que se fizeram passar por diplomatas com a miss\u00e3o de se infiltrar nas institui\u00e7\u00f5es da Uni\u00e3o Europeia.<\/p>\n<p>Segundo a investiga\u00e7\u00e3o, foi identificado pelo menos um diplomata que esteve na embaixada h\u00fangara na UE entre 2015 e 2017 que, na verdade, trabalhava para os servi\u00e7os secretos e tentou aproximar-se de dirigentes da comiss\u00e3o e de outras institui\u00e7\u00f5es.<\/p>\n<p>\u201cA comiss\u00e3o toma nota de todas as not\u00edcias segundo as quais existiram opera\u00e7\u00f5es de espionagem levadas a cabo pelo servi\u00e7o de informa\u00e7\u00f5es h\u00fangaro contra a UE e funcion\u00e1rios\u201d, disse o porta-voz, citado pela Reuters, sublinhando que as suspeitas ser\u00e3o encaradas de forma \u201cmuito s\u00e9ria\u201d.<\/p>\n<p>N\u00e3o foram dados pormenores sobre que tipo de investiga\u00e7\u00f5es ser\u00e3o levadas a cabo pela Comiss\u00e3o Europeia, mas o porta-voz explicou que ser\u00e1 criado um \u201cgrupo interno\u201d para averiguar as suspeitas.<\/p>\n<p>O Governo de Viktor Orb\u00e1n tem negado todas as alega\u00e7\u00f5es de que ter\u00e1 sido montada uma opera\u00e7\u00e3o de espionagem dentro das institui\u00e7\u00f5es europeias.<\/p>\n<p>De acordo com a investiga\u00e7\u00e3o jornal\u00edstica, as tentativas de infiltrar espi\u00f5es h\u00fangaros ter\u00e3o ocorrido enquanto o actual comiss\u00e1rio europeu Oliv\u00e9r V\u00e1rhelyi era o embaixador da Hungria junto da UE. Os alegados espi\u00f5es ter\u00e3o sido enviados para trabalhar na embaixada como forma de ocultar a sua verdadeira fun\u00e7\u00e3o.<\/p>\n<p>O mesmo cons\u00f3rcio de jornalismo j\u00e1 tinha divulgado em Dezembro uma <a href=\"https:\/\/www.publico.pt\/2024\/12\/06\/mundo\/noticia\/servicos-secretos-hungaros-espiaram-responsaveis-ue-budapeste-bruxelas-2114759\" target=\"_blank\" rel=\"nofollow noopener\">investiga\u00e7\u00e3o<\/a> na qual detalhava a forma como os servi\u00e7os secretos h\u00fangaros tinham posto sob vigil\u00e2ncia funcion\u00e1rios da ag\u00eancia europeia antifraude (OLAF) que apuravam suspeitas de irregularidades em contratos p\u00fablicos feitos com a empresa do genro de Orb\u00e1n.<\/p>\n<p>Estes casos vieram aumentar ainda mais a desconfian\u00e7a entre Bruxelas e Budapeste, que frequentemente t\u00eam colidido em v\u00e1rias mat\u00e9rias. O Governo ultranacionalista de Orb\u00e1n tem funcionado invariavelmente como uma for\u00e7a de bloqueio no Conselho Europeu, vetando v\u00e1rias propostas consideradas priorit\u00e1rias pela UE, nomeadamente sobre o apoio \u00e0 Ucr\u00e2nia na sua guerra contra a R\u00fassia.<\/p>\n","protected":false},"excerpt":{"rendered":"A Comiss\u00e3o Europeia vai abrir uma investiga\u00e7\u00e3o para apurar as alega\u00e7\u00f5es de que o Governo h\u00fangaro ter\u00e1 tentado&hellip;\n","protected":false},"author":2,"featured_media":105453,"comment_status":"","ping_status":"","sticky":false,"template":"","format":"standard","meta":{"footnotes":""},"categories":[50],"tags":[27,28,1834,445,15,16,14,1991,25,26,21,22,62,12,13,19,20,23,24,17,18,29,30,31,636,1992,63,64,65],"class_list":{"0":"post-105452","1":"post","2":"type-post","3":"status-publish","4":"format-standard","5":"has-post-thumbnail","7":"category-mundo","8":"tag-breaking-news","9":"tag-breakingnews","10":"tag-comissao-europeia","11":"tag-europa","12":"tag-featured-news","13":"tag-featurednews","14":"tag-headlines","15":"tag-hungria","16":"tag-latest-news","17":"tag-latestnews","18":"tag-main-news","19":"tag-mainnews","20":"tag-mundo","21":"tag-news","22":"tag-noticias","23":"tag-noticias-principais","24":"tag-noticiasprincipais","25":"tag-principais-noticias","26":"tag-principaisnoticias","27":"tag-top-stories","28":"tag-topstories","29":"tag-ultimas","30":"tag-ultimas-noticias","31":"tag-ultimasnoticias","32":"tag-uniao-europeia","33":"tag-viktor-orban","34":"tag-world","35":"tag-world-news","36":"tag-worldnews"},"share_on_mastodon":{"url":"","error":""},"_links":{"self":[{"href":"https:\/\/www.europesays.com\/pt\/wp-json\/wp\/v2\/posts\/105452","targetHints":{"allow":["GET"]}}],"collection":[{"href":"https:\/\/www.europesays.com\/pt\/wp-json\/wp\/v2\/posts"}],"about":[{"href":"https:\/\/www.europesays.com\/pt\/wp-json\/wp\/v2\/types\/post"}],"author":[{"embeddable":true,"href":"https:\/\/www.europesays.com\/pt\/wp-json\/wp\/v2\/users\/2"}],"replies":[{"embeddable":true,"href":"https:\/\/www.europesays.com\/pt\/wp-json\/wp\/v2\/comments?post=105452"}],"version-history":[{"count":0,"href":"https:\/\/www.europesays.com\/pt\/wp-json\/wp\/v2\/posts\/105452\/revisions"}],"wp:featuredmedia":[{"embeddable":true,"href":"https:\/\/www.europesays.com\/pt\/wp-json\/wp\/v2\/media\/105453"}],"wp:attachment":[{"href":"https:\/\/www.europesays.com\/pt\/wp-json\/wp\/v2\/media?parent=105452"}],"wp:term":[{"taxonomy":"category","embeddable":true,"href":"https:\/\/www.europesays.com\/pt\/wp-json\/wp\/v2\/categories?post=105452"},{"taxonomy":"post_tag","embeddable":true,"href":"https:\/\/www.europesays.com\/pt\/wp-json\/wp\/v2\/tags?post=105452"}],"curies":[{"name":"wp","href":"https:\/\/api.w.org\/{rel}","templated":true}]}}